{"id":12937,"date":"2020-07-20T18:34:19","date_gmt":"2020-07-20T18:34:19","guid":{"rendered":"https:\/\/www.pro-village.com\/?p=12937"},"modified":"2021-05-18T18:53:04","modified_gmt":"2021-05-18T18:53:04","slug":"kundenzitat-andre-de-waele","status":"publish","type":"post","link":"https:\/\/www.pro-village.com\/hu\/kundenzitat-andre-de-waele\/","title":{"rendered":"Andr\u00e9 De Waele"},"content":{"rendered":"<div data-elementor-type=\"wp-post\" data-elementor-id=\"12937\" class=\"elementor elementor-12937\">\n\t\t\t\t\t\t\t\t\t<section class=\"elementor-section elementor-top-section elementor-element elementor-element-0811fe4 elementor-section-boxed elementor-section-height-default elementor-section-height-default\" data-id=\"0811fe4\" data-element_type=\"section\">\n\t\t\t\t\t\t<div class=\"elementor-container elementor-column-gap-default\">\n\t\t\t\t\t<div class=\"elementor-column elementor-col-100 elementor-top-column elementor-element elementor-element-ad6d18b\" data-id=\"ad6d18b\" data-element_type=\"column\">\n\t\t\t<div class=\"elementor-widget-wrap elementor-element-populated\">\n\t\t\t\t\t\t\t\t<div class=\"elementor-element elementor-element-1f2c95b elementor-widget elementor-widget-heading\" data-id=\"1f2c95b\" data-element_type=\"widget\" data-widget_type=\"heading.default\">\n\t\t\t\t<div class=\"elementor-widget-container\">\n\t\t\t<h2 class=\"elementor-heading-title elementor-size-default\">Andr\u00e9 De Waele<\/h2>\t\t<\/div>\n\t\t\t\t<\/div>\n\t\t\t\t<div class=\"elementor-element elementor-element-d02a29d elementor-widget elementor-widget-heading\" data-id=\"d02a29d\" data-element_type=\"widget\" data-widget_type=\"heading.default\">\n\t\t\t\t<div class=\"elementor-widget-container\">\n\t\t\t<h6 class=\"elementor-heading-title elementor-size-default\">40 \u00e9ve magyar vizsla tulajdonos<\/h6>\t\t<\/div>\n\t\t\t\t<\/div>\n\t\t\t\t\t<\/div>\n\t\t<\/div>\n\t\t\t\t\t\t\t<\/div>\n\t\t<\/section>\n\t\t\t\t<section class=\"elementor-section elementor-top-section elementor-element elementor-element-9e767b1 elementor-section-boxed elementor-section-height-default elementor-section-height-default\" data-id=\"9e767b1\" data-element_type=\"section\">\n\t\t\t\t\t\t<div class=\"elementor-container elementor-column-gap-default\">\n\t\t\t\t\t<div class=\"elementor-column elementor-col-100 elementor-top-column elementor-element elementor-element-0fc14ff\" data-id=\"0fc14ff\" data-element_type=\"column\">\n\t\t\t<div class=\"elementor-widget-wrap elementor-element-populated\">\n\t\t\t\t\t\t\t\t<div class=\"elementor-element elementor-element-033305a elementor-widget elementor-widget-text-editor\" data-id=\"033305a\" data-element_type=\"widget\" data-widget_type=\"text-editor.default\">\n\t\t\t\t<div class=\"elementor-widget-container\">\n\t\t\t\t\t\t\t<p><strong style=\"color: black;\">Egy csod\u00e1latos hely, ahol a magyar vizsl\u00e1im szeretetteljes \u00e9s hozz\u00e1\u00e9rt\u0151 gondoskod\u00e1sban r\u00e9szes\u00fclnek<\/strong><\/p>\n<p>J\u00fanius utols\u00f3 het\u00e9ben a k\u00e9t magyar vizsl\u00e1m, Geena \u00e9s Alma \u00fajra a sopronk\u00f6vesdi Pro Village kutyapanzi\u00f3 vend\u00e9gei voltak. M\u00e1r r\u00f6gt\u00f6n a bejelentkez\u00e9sn\u00e9l lelkesek voltak, \u00e9ppen mint janu\u00e1rban, amikor el\u0151sz\u00f6r j\u00e1rtunk ott.<\/p>\n<p>Alma boldogan \u00fcdv\u00f6z\u00f6lte Brigit, a kutyagondoz\u00f3t. Geena egy kicsit \u00f3vatosabb, de \u0151 is hamar k\u00f6zeledett Brigi fel\u00e9. Ahogy Geena viselkedett - \u00e9ppen mint az els\u0151 l\u00e1togat\u00e1skor - azonnal megnyugodtam, hogy j\u00f3 kezekben lesz. Az volt az \u00e9rz\u00e9sem, hogy Alma m\u00e9g sz\u00edvesen maradt volna ak\u00e1r n\u00e9h\u00e1ny nappal tov\u00e1bb, csak Brigi k\u00eds\u00e9ret\u00e9ben sz\u00e1llt be az aut\u00f3ba t\u00e1voz\u00e1skor. K\u00fcl\u00f6n\u00f6sen pozit\u00edv, hogy a kuty\u00e1imat az \u00e9l\u0151 kamerak\u00e9pen b\u00e1rmikor l\u00e1thatom, am\u00edg t\u00e1vol vannak t\u0151lem.<\/p>\n<p>A tisztas\u00e1g, a munkat\u00e1rsak szaktud\u00e1sa \u00e9s a luxusk\u00f6r\u00fclm\u00e9nyek (f\u0171t\u00e9s ill. kl\u00edma) mind olyan \u00e9rvek, melyek miatt visszaj\u00e1runk.<\/p>\n<p>Nagy k\u00f6sz\u00f6net Briginek \u00e9s minden munkat\u00e1rsnak!<\/p>\t\t\t\t\t\t<\/div>\n\t\t\t\t<\/div>\n\t\t\t\t\t<\/div>\n\t\t<\/div>\n\t\t\t\t\t\t\t<\/div>\n\t\t<\/section>\n\t\t\t\t<section class=\"elementor-section elementor-top-section elementor-element elementor-element-5f264ec elementor-section-boxed elementor-section-height-default elementor-section-height-default\" data-id=\"5f264ec\" data-element_type=\"section\">\n\t\t\t\t\t\t<div class=\"elementor-container elementor-column-gap-default\">\n\t\t\t\t\t<div class=\"elementor-column elementor-col-50 elementor-top-column elementor-element elementor-element-23bcdd3\" data-id=\"23bcdd3\" data-element_type=\"column\">\n\t\t\t<div class=\"elementor-widget-wrap elementor-element-populated\">\n\t\t\t\t\t\t\t\t<div class=\"elementor-element elementor-element-5101b26 elementor-widget elementor-widget-image\" data-id=\"5101b26\" data-element_type=\"widget\" data-widget_type=\"image.default\">\n\t\t\t\t<div class=\"elementor-widget-container\">\n\t\t\t\t\t\t\t\t\t\t\t\t\t\t\t<img fetchpriority=\"high\" decoding=\"async\" width=\"800\" height=\"786\" src=\"https:\/\/www.pro-village.com\/wp-content\/uploads\/2020\/07\/HerrDeWaele_Kundenzitat-1024x1006.jpg\" class=\"attachment-large size-large wp-image-12962\" alt=\"Herr De Waele Kundenzitat\" srcset=\"https:\/\/www.pro-village.com\/wp-content\/uploads\/2020\/07\/HerrDeWaele_Kundenzitat-1024x1006.jpg 1024w, https:\/\/www.pro-village.com\/wp-content\/uploads\/2020\/07\/HerrDeWaele_Kundenzitat-300x295.jpg 300w, https:\/\/www.pro-village.com\/wp-content\/uploads\/2020\/07\/HerrDeWaele_Kundenzitat-768x755.jpg 768w, https:\/\/www.pro-village.com\/wp-content\/uploads\/2020\/07\/HerrDeWaele_Kundenzitat-1536x1509.jpg 1536w, https:\/\/www.pro-village.com\/wp-content\/uploads\/2020\/07\/HerrDeWaele_Kundenzitat-2048x2013.jpg 2048w\" sizes=\"(max-width: 800px) 100vw, 800px\" \/>\t\t\t\t\t\t\t\t\t\t\t\t\t\t\t<\/div>\n\t\t\t\t<\/div>\n\t\t\t\t\t<\/div>\n\t\t<\/div>\n\t\t\t\t<div class=\"elementor-column elementor-col-50 elementor-top-column elementor-element elementor-element-a24488a\" data-id=\"a24488a\" data-element_type=\"column\">\n\t\t\t<div class=\"elementor-widget-wrap elementor-element-populated\">\n\t\t\t\t\t\t\t\t<div class=\"elementor-element elementor-element-5ddbb24 elementor-widget elementor-widget-image\" data-id=\"5ddbb24\" data-element_type=\"widget\" data-widget_type=\"image.default\">\n\t\t\t\t<div class=\"elementor-widget-container\">\n\t\t\t\t\t\t\t\t\t\t\t\t\t\t\t<img decoding=\"async\" width=\"768\" height=\"576\" src=\"https:\/\/www.pro-village.com\/wp-content\/uploads\/2020\/07\/Kundenzitat-Hundefoto-768x576.jpg\" class=\"attachment-medium_large size-medium_large wp-image-12935\" alt=\"Kundenzitat-Hundefoto-AndreDeWaele\" srcset=\"https:\/\/www.pro-village.com\/wp-content\/uploads\/2020\/07\/Kundenzitat-Hundefoto-768x576.jpg 768w, https:\/\/www.pro-village.com\/wp-content\/uploads\/2020\/07\/Kundenzitat-Hundefoto-300x225.jpg 300w, https:\/\/www.pro-village.com\/wp-content\/uploads\/2020\/07\/Kundenzitat-Hundefoto-1024x768.jpg 1024w, https:\/\/www.pro-village.com\/wp-content\/uploads\/2020\/07\/Kundenzitat-Hundefoto-1536x1152.jpg 1536w, https:\/\/www.pro-village.com\/wp-content\/uploads\/2020\/07\/Kundenzitat-Hundefoto-2048x1536.jpg 2048w\" sizes=\"(max-width: 768px) 100vw, 768px\" \/>\t\t\t\t\t\t\t\t\t\t\t\t\t\t\t<\/div>\n\t\t\t\t<\/div>\n\t\t\t\t\t<\/div>\n\t\t<\/div>\n\t\t\t\t\t\t\t<\/div>\n\t\t<\/section>\n\t\t\t\t\t\t\t<\/div>","protected":false},"excerpt":{"rendered":"<p>Egy csod\u00e1latos hely, ahol a magyar vizsl\u00e1im szeretetteljes \u00e9s hozz\u00e1\u00e9rt\u0151 gondoskod\u00e1sban r\u00e9szes\u00fclnek.<\/p>\n<p> <a class=\"more-link\" href=\"https:\/\/www.pro-village.com\/hu\/kundenzitat-andre-de-waele\/\">Read more<\/a><\/p>","protected":false},"author":1,"featured_media":12936,"comment_status":"closed","ping_status":"closed","sticky":false,"template":"","format":"standard","meta":{"footnotes":""},"categories":[30],"tags":[],"yoast_head":"<!-- This site is optimized with the Yoast SEO plugin v23.4 - https:\/\/yoast.com\/wordpress\/plugins\/seo\/ -->\n<title>Andr\u00e9 De Waele - Pro Village<\/title>\n<meta name=\"robots\" content=\"noindex, nofollow\" \/>\n<meta property=\"og:locale\" content=\"hu_HU\" \/>\n<meta property=\"og:type\" content=\"article\" \/>\n<meta property=\"og:title\" content=\"Andr\u00e9 De Waele - Pro Village\" \/>\n<meta property=\"og:description\" content=\"Andr\u00e9 De Waele Magyar Vizsla-Besitzer seit 40 Jahren Ein wunderbarer Ort mit liebevoller und kompetenter Betreuung f\u00fcr meine Magyar Vizsla W\u00e4hrend der letzten Juniwoche waren meine beiden Magyar Vizslas Geena und Alma wieder zu Gast im Hundenhotel Pro Village in&hellip;  Read more\" \/>\n<meta property=\"og:url\" content=\"https:\/\/www.pro-village.com\/hu\/kundenzitat-andre-de-waele\/\" \/>\n<meta property=\"og:site_name\" content=\"Pro Village\" \/>\n<meta property=\"article:published_time\" content=\"2020-07-20T18:34:19+00:00\" \/>\n<meta property=\"article:modified_time\" content=\"2021-05-18T18:53:04+00:00\" \/>\n<meta property=\"og:image\" content=\"https:\/\/www.pro-village.com\/wp-content\/uploads\/2020\/07\/Foto_Kundenzitat_AndreDeWaele.jpg\" \/>\n\t<meta property=\"og:image:width\" content=\"800\" \/>\n\t<meta property=\"og:image:height\" content=\"489\" \/>\n\t<meta property=\"og:image:type\" content=\"image\/jpeg\" \/>\n<meta name=\"author\" content=\"tw\" \/>\n<meta name=\"twitter:card\" content=\"summary_large_image\" \/>\n<meta name=\"twitter:label1\" content=\"Szerz\u0151:\" \/>\n\t<meta name=\"twitter:data1\" content=\"tw\" \/>\n\t<meta name=\"twitter:label2\" content=\"Becs\u00fclt olvas\u00e1si id\u0151\" \/>\n\t<meta name=\"twitter:data2\" content=\"2 perc\" \/>\n<script type=\"application\/ld+json\" class=\"yoast-schema-graph\">{\"@context\":\"https:\/\/schema.org\",\"@graph\":[{\"@type\":\"Article\",\"@id\":\"https:\/\/www.pro-village.com\/kundenzitat-andre-de-waele\/#article\",\"isPartOf\":{\"@id\":\"https:\/\/www.pro-village.com\/kundenzitat-andre-de-waele\/\"},\"author\":{\"name\":\"tw\",\"@id\":\"https:\/\/www.pro-village.com\/#\/schema\/person\/0579bc66af3bbbefbd19f158fae2ac55\"},\"headline\":\"Andr\u00e9 De Waele\",\"datePublished\":\"2020-07-20T18:34:19+00:00\",\"dateModified\":\"2021-05-18T18:53:04+00:00\",\"mainEntityOfPage\":{\"@id\":\"https:\/\/www.pro-village.com\/kundenzitat-andre-de-waele\/\"},\"wordCount\":232,\"publisher\":{\"@id\":\"https:\/\/www.pro-village.com\/#organization\"},\"image\":{\"@id\":\"https:\/\/www.pro-village.com\/kundenzitat-andre-de-waele\/#primaryimage\"},\"thumbnailUrl\":\"https:\/\/www.pro-village.com\/wp-content\/uploads\/2020\/07\/Foto_Kundenzitat_AndreDeWaele.jpg\",\"articleSection\":[\"Kundenzitat\"],\"inLanguage\":\"hu\"},{\"@type\":\"WebPage\",\"@id\":\"https:\/\/www.pro-village.com\/kundenzitat-andre-de-waele\/\",\"url\":\"https:\/\/www.pro-village.com\/kundenzitat-andre-de-waele\/\",\"name\":\"Andr\u00e9 De Waele - Pro Village\",\"isPartOf\":{\"@id\":\"https:\/\/www.pro-village.com\/#website\"},\"primaryImageOfPage\":{\"@id\":\"https:\/\/www.pro-village.com\/kundenzitat-andre-de-waele\/#primaryimage\"},\"image\":{\"@id\":\"https:\/\/www.pro-village.com\/kundenzitat-andre-de-waele\/#primaryimage\"},\"thumbnailUrl\":\"https:\/\/www.pro-village.com\/wp-content\/uploads\/2020\/07\/Foto_Kundenzitat_AndreDeWaele.jpg\",\"datePublished\":\"2020-07-20T18:34:19+00:00\",\"dateModified\":\"2021-05-18T18:53:04+00:00\",\"breadcrumb\":{\"@id\":\"https:\/\/www.pro-village.com\/kundenzitat-andre-de-waele\/#breadcrumb\"},\"inLanguage\":\"hu\",\"potentialAction\":[{\"@type\":\"ReadAction\",\"target\":[\"https:\/\/www.pro-village.com\/kundenzitat-andre-de-waele\/\"]}]},{\"@type\":\"ImageObject\",\"inLanguage\":\"hu\",\"@id\":\"https:\/\/www.pro-village.com\/kundenzitat-andre-de-waele\/#primaryimage\",\"url\":\"https:\/\/www.pro-village.com\/wp-content\/uploads\/2020\/07\/Foto_Kundenzitat_AndreDeWaele.jpg\",\"contentUrl\":\"https:\/\/www.pro-village.com\/wp-content\/uploads\/2020\/07\/Foto_Kundenzitat_AndreDeWaele.jpg\",\"width\":800,\"height\":489,\"caption\":\"Kundenzitat-Hundefoto-AndreDeWaele\"},{\"@type\":\"BreadcrumbList\",\"@id\":\"https:\/\/www.pro-village.com\/kundenzitat-andre-de-waele\/#breadcrumb\",\"itemListElement\":[{\"@type\":\"ListItem\",\"position\":1,\"name\":\"Startseite\",\"item\":\"https:\/\/www.pro-village.com\/\"},{\"@type\":\"ListItem\",\"position\":2,\"name\":\"Andr\u00e9 De Waele\"}]},{\"@type\":\"WebSite\",\"@id\":\"https:\/\/www.pro-village.com\/#website\",\"url\":\"https:\/\/www.pro-village.com\/\",\"name\":\"Pro Village\",\"description\":\"\",\"publisher\":{\"@id\":\"https:\/\/www.pro-village.com\/#organization\"},\"potentialAction\":[{\"@type\":\"SearchAction\",\"target\":{\"@type\":\"EntryPoint\",\"urlTemplate\":\"https:\/\/www.pro-village.com\/?s={search_term_string}\"},\"query-input\":{\"@type\":\"PropertyValueSpecification\",\"valueRequired\":true,\"valueName\":\"search_term_string\"}}],\"inLanguage\":\"hu\"},{\"@type\":\"Organization\",\"@id\":\"https:\/\/www.pro-village.com\/#organization\",\"name\":\"Pro Village Kft\",\"url\":\"https:\/\/www.pro-village.com\/\",\"logo\":{\"@type\":\"ImageObject\",\"inLanguage\":\"hu\",\"@id\":\"https:\/\/www.pro-village.com\/#\/schema\/logo\/image\/\",\"url\":\"https:\/\/www.pro-village.com\/wp-content\/uploads\/2019\/10\/Logo_ORIGINAL-FM_Avenir-1-e1572428559123.png\",\"contentUrl\":\"https:\/\/www.pro-village.com\/wp-content\/uploads\/2019\/10\/Logo_ORIGINAL-FM_Avenir-1-e1572428559123.png\",\"width\":600,\"height\":203,\"caption\":\"Pro Village Kft\"},\"image\":{\"@id\":\"https:\/\/www.pro-village.com\/#\/schema\/logo\/image\/\"}},{\"@type\":\"Person\",\"@id\":\"https:\/\/www.pro-village.com\/#\/schema\/person\/0579bc66af3bbbefbd19f158fae2ac55\",\"name\":\"tw\",\"image\":{\"@type\":\"ImageObject\",\"inLanguage\":\"hu\",\"@id\":\"https:\/\/www.pro-village.com\/#\/schema\/person\/image\/\",\"url\":\"https:\/\/secure.gravatar.com\/avatar\/b74022dac6e893c6306d1e9bdf9989c9?s=96&d=mm&r=g\",\"contentUrl\":\"https:\/\/secure.gravatar.com\/avatar\/b74022dac6e893c6306d1e9bdf9989c9?s=96&d=mm&r=g\",\"caption\":\"tw\"},\"url\":\"https:\/\/www.pro-village.com\/hu\/author\/admin\/\"}]}<\/script>\n<!-- \/ Yoast SEO plugin. -->","yoast_head_json":{"title":"Andr\u00e9 De Waele - Pro Village","robots":{"index":"noindex","follow":"nofollow"},"og_locale":"hu_HU","og_type":"article","og_title":"Andr\u00e9 De Waele - Pro Village","og_description":"Andr\u00e9 De Waele Magyar Vizsla-Besitzer seit 40 Jahren Ein wunderbarer Ort mit liebevoller und kompetenter Betreuung f\u00fcr meine Magyar Vizsla W\u00e4hrend der letzten Juniwoche waren meine beiden Magyar Vizslas Geena und Alma wieder zu Gast im Hundenhotel Pro Village in&hellip;  Read more","og_url":"https:\/\/www.pro-village.com\/hu\/kundenzitat-andre-de-waele\/","og_site_name":"Pro Village","article_published_time":"2020-07-20T18:34:19+00:00","article_modified_time":"2021-05-18T18:53:04+00:00","og_image":[{"width":800,"height":489,"url":"https:\/\/www.pro-village.com\/wp-content\/uploads\/2020\/07\/Foto_Kundenzitat_AndreDeWaele.jpg","type":"image\/jpeg"}],"author":"tw","twitter_card":"summary_large_image","twitter_misc":{"Szerz\u0151:":"tw","Becs\u00fclt olvas\u00e1si id\u0151":"2 perc"},"schema":{"@context":"https:\/\/schema.org","@graph":[{"@type":"Article","@id":"https:\/\/www.pro-village.com\/kundenzitat-andre-de-waele\/#article","isPartOf":{"@id":"https:\/\/www.pro-village.com\/kundenzitat-andre-de-waele\/"},"author":{"name":"tw","@id":"https:\/\/www.pro-village.com\/#\/schema\/person\/0579bc66af3bbbefbd19f158fae2ac55"},"headline":"Andr\u00e9 De Waele","datePublished":"2020-07-20T18:34:19+00:00","dateModified":"2021-05-18T18:53:04+00:00","mainEntityOfPage":{"@id":"https:\/\/www.pro-village.com\/kundenzitat-andre-de-waele\/"},"wordCount":232,"publisher":{"@id":"https:\/\/www.pro-village.com\/#organization"},"image":{"@id":"https:\/\/www.pro-village.com\/kundenzitat-andre-de-waele\/#primaryimage"},"thumbnailUrl":"https:\/\/www.pro-village.com\/wp-content\/uploads\/2020\/07\/Foto_Kundenzitat_AndreDeWaele.jpg","articleSection":["Kundenzitat"],"inLanguage":"hu"},{"@type":"WebPage","@id":"https:\/\/www.pro-village.com\/kundenzitat-andre-de-waele\/","url":"https:\/\/www.pro-village.com\/kundenzitat-andre-de-waele\/","name":"Andr\u00e9 De Waele - Pro Village","isPartOf":{"@id":"https:\/\/www.pro-village.com\/#website"},"primaryImageOfPage":{"@id":"https:\/\/www.pro-village.com\/kundenzitat-andre-de-waele\/#primaryimage"},"image":{"@id":"https:\/\/www.pro-village.com\/kundenzitat-andre-de-waele\/#primaryimage"},"thumbnailUrl":"https:\/\/www.pro-village.com\/wp-content\/uploads\/2020\/07\/Foto_Kundenzitat_AndreDeWaele.jpg","datePublished":"2020-07-20T18:34:19+00:00","dateModified":"2021-05-18T18:53:04+00:00","breadcrumb":{"@id":"https:\/\/www.pro-village.com\/kundenzitat-andre-de-waele\/#breadcrumb"},"inLanguage":"hu","potentialAction":[{"@type":"ReadAction","target":["https:\/\/www.pro-village.com\/kundenzitat-andre-de-waele\/"]}]},{"@type":"ImageObject","inLanguage":"hu","@id":"https:\/\/www.pro-village.com\/kundenzitat-andre-de-waele\/#primaryimage","url":"https:\/\/www.pro-village.com\/wp-content\/uploads\/2020\/07\/Foto_Kundenzitat_AndreDeWaele.jpg","contentUrl":"https:\/\/www.pro-village.com\/wp-content\/uploads\/2020\/07\/Foto_Kundenzitat_AndreDeWaele.jpg","width":800,"height":489,"caption":"Kundenzitat-Hundefoto-AndreDeWaele"},{"@type":"BreadcrumbList","@id":"https:\/\/www.pro-village.com\/kundenzitat-andre-de-waele\/#breadcrumb","itemListElement":[{"@type":"ListItem","position":1,"name":"Startseite","item":"https:\/\/www.pro-village.com\/"},{"@type":"ListItem","position":2,"name":"Andr\u00e9 De Waele"}]},{"@type":"WebSite","@id":"https:\/\/www.pro-village.com\/#website","url":"https:\/\/www.pro-village.com\/","name":"Pro Village","description":"","publisher":{"@id":"https:\/\/www.pro-village.com\/#organization"},"potentialAction":[{"@type":"SearchAction","target":{"@type":"EntryPoint","urlTemplate":"https:\/\/www.pro-village.com\/?s={search_term_string}"},"query-input":{"@type":"PropertyValueSpecification","valueRequired":true,"valueName":"search_term_string"}}],"inLanguage":"hu"},{"@type":"Organization","@id":"https:\/\/www.pro-village.com\/#organization","name":"Pro Village Kft","url":"https:\/\/www.pro-village.com\/","logo":{"@type":"ImageObject","inLanguage":"hu","@id":"https:\/\/www.pro-village.com\/#\/schema\/logo\/image\/","url":"https:\/\/www.pro-village.com\/wp-content\/uploads\/2019\/10\/Logo_ORIGINAL-FM_Avenir-1-e1572428559123.png","contentUrl":"https:\/\/www.pro-village.com\/wp-content\/uploads\/2019\/10\/Logo_ORIGINAL-FM_Avenir-1-e1572428559123.png","width":600,"height":203,"caption":"Pro Village Kft"},"image":{"@id":"https:\/\/www.pro-village.com\/#\/schema\/logo\/image\/"}},{"@type":"Person","@id":"https:\/\/www.pro-village.com\/#\/schema\/person\/0579bc66af3bbbefbd19f158fae2ac55","name":"tw","image":{"@type":"ImageObject","inLanguage":"hu","@id":"https:\/\/www.pro-village.com\/#\/schema\/person\/image\/","url":"https:\/\/secure.gravatar.com\/avatar\/b74022dac6e893c6306d1e9bdf9989c9?s=96&d=mm&r=g","contentUrl":"https:\/\/secure.gravatar.com\/avatar\/b74022dac6e893c6306d1e9bdf9989c9?s=96&d=mm&r=g","caption":"tw"},"url":"https:\/\/www.pro-village.com\/hu\/author\/admin\/"}]}},"_links":{"self":[{"href":"https:\/\/www.pro-village.com\/hu\/wp-json\/wp\/v2\/posts\/12937"}],"collection":[{"href":"https:\/\/www.pro-village.com\/hu\/wp-json\/wp\/v2\/posts"}],"about":[{"href":"https:\/\/www.pro-village.com\/hu\/wp-json\/wp\/v2\/types\/post"}],"author":[{"embeddable":true,"href":"https:\/\/www.pro-village.com\/hu\/wp-json\/wp\/v2\/users\/1"}],"replies":[{"embeddable":true,"href":"https:\/\/www.pro-village.com\/hu\/wp-json\/wp\/v2\/comments?post=12937"}],"version-history":[{"count":12,"href":"https:\/\/www.pro-village.com\/hu\/wp-json\/wp\/v2\/posts\/12937\/revisions"}],"predecessor-version":[{"id":15630,"href":"https:\/\/www.pro-village.com\/hu\/wp-json\/wp\/v2\/posts\/12937\/revisions\/15630"}],"wp:featuredmedia":[{"embeddable":true,"href":"https:\/\/www.pro-village.com\/hu\/wp-json\/wp\/v2\/media\/12936"}],"wp:attachment":[{"href":"https:\/\/www.pro-village.com\/hu\/wp-json\/wp\/v2\/media?parent=12937"}],"wp:term":[{"taxonomy":"category","embeddable":true,"href":"https:\/\/www.pro-village.com\/hu\/wp-json\/wp\/v2\/categories?post=12937"},{"taxonomy":"post_tag","embeddable":true,"href":"https:\/\/www.pro-village.com\/hu\/wp-json\/wp\/v2\/tags?post=12937"}],"curies":[{"name":"wp","href":"https:\/\/api.w.org\/{rel}","templated":true}]}}