{"id":15650,"date":"2021-05-29T09:23:07","date_gmt":"2021-05-29T09:23:07","guid":{"rendered":"https:\/\/www.pro-village.com\/?p=15650"},"modified":"2021-06-03T05:29:24","modified_gmt":"2021-06-03T05:29:24","slug":"masodik-het-a-pro-village-ben","status":"publish","type":"post","link":"https:\/\/www.pro-village.com\/hu\/die-erste-woche-eines-hundes-in-pro-village\/","title":{"rendered":"Els\u0151 h\u00e9t a Pro Village-ben"},"content":{"rendered":"<div data-elementor-type=\"wp-post\" data-elementor-id=\"15650\" class=\"elementor elementor-15650\">\n\t\t\t\t\t\t\t\t\t<section class=\"elementor-section elementor-top-section elementor-element elementor-element-51512116 elementor-section-boxed elementor-section-height-default elementor-section-height-default\" data-id=\"51512116\" data-element_type=\"section\">\n\t\t\t\t\t\t<div class=\"elementor-container elementor-column-gap-default\">\n\t\t\t\t\t<div class=\"elementor-column elementor-col-100 elementor-top-column elementor-element elementor-element-24a974bd\" data-id=\"24a974bd\" data-element_type=\"column\">\n\t\t\t<div class=\"elementor-widget-wrap elementor-element-populated\">\n\t\t\t\t\t\t\t\t<div class=\"elementor-element elementor-element-22f2ac27 elementor-widget elementor-widget-heading\" data-id=\"22f2ac27\" data-element_type=\"widget\" data-widget_type=\"heading.default\">\n\t\t\t\t<div class=\"elementor-widget-container\">\n\t\t\t<h1 class=\"elementor-heading-title elementor-size-default\">Els\u0151 h\u00e9t a Pro Village-ben<\/h1>\t\t<\/div>\n\t\t\t\t<\/div>\n\t\t\t\t<div class=\"elementor-element elementor-element-7d9ca6f8 elementor-widget elementor-widget-heading\" data-id=\"7d9ca6f8\" data-element_type=\"widget\" data-widget_type=\"heading.default\">\n\t\t\t\t<div class=\"elementor-widget-container\">\n\t\t\t<h6 class=\"elementor-heading-title elementor-size-default\">Bea Liebisch \u00edr\u00e1sa, 29.05.2021<\/h6>\t\t<\/div>\n\t\t\t\t<\/div>\n\t\t\t\t\t<\/div>\n\t\t<\/div>\n\t\t\t\t\t\t\t<\/div>\n\t\t<\/section>\n\t\t\t\t<section class=\"elementor-section elementor-top-section elementor-element elementor-element-756e158f elementor-section-boxed elementor-section-height-default elementor-section-height-default\" data-id=\"756e158f\" data-element_type=\"section\">\n\t\t\t\t\t\t<div class=\"elementor-container elementor-column-gap-default\">\n\t\t\t\t\t<div class=\"elementor-column elementor-col-100 elementor-top-column elementor-element elementor-element-28748f82\" data-id=\"28748f82\" data-element_type=\"column\">\n\t\t\t<div class=\"elementor-widget-wrap elementor-element-populated\">\n\t\t\t\t\t\t\t\t<div class=\"elementor-element elementor-element-7d3737a2 elementor-widget elementor-widget-text-editor\" data-id=\"7d3737a2\" data-element_type=\"widget\" data-widget_type=\"text-editor.default\">\n\t\t\t\t<div class=\"elementor-widget-container\">\n\t\t\t\t\t\t\t<p><em>A k\u00f6vetkez\u0151 bejegyz\u00e9sekben betekint\u00e9st nyerhettek abba a kalandos \u00e9s nem ritk\u00e1n \u00e9letment\u0151 folyamatba, hogy mik\u00e9nt jutnak el a kuty\u00e1k az oroszorsz\u00e1gi menhelyekr\u0151l \u00e1tmeneti otthonukba, a Pro Village-be, valamint ott hogyan telik a legfontosabb els\u0151 n\u00e9gy het\u00fck. Ma az els\u0151 hetet mutatjuk be Nektek:<\/em><\/p><p>A rep\u00fcl\u0151\u00fatnak k\u00f6sz\u00f6nhet\u0151en csup\u00e1n n\u00e9h\u00e1ny \u00f3ra, am\u00edg a kuty\u00e1k Moszkv\u00e1b\u00f3l meg\u00e9rkeznek a Pro Village ter\u00fclet\u00e9re. A b\u00e9csi lesz\u00e1ll\u00e1st k\u00f6vet\u0151en aut\u00f3val jutnak el \u00e1tmeneti \u00faj otthonukba, ahol \u00e9rkez\u00e9s\u00fcket k\u00f6vet\u0151en azonnal megkezd\u0151dik az ismerked\u00e9s \u00e9s a vel\u00fck val\u00f3 munka. Sokszor nagyon kimer\u00fclnek a kutyusok az utaz\u00e1st\u00f3l \u00e9s az izgatotts\u00e1gt\u00f3l, ez\u00e9rt \u00e9rkez\u00e9s\u00fck ut\u00e1n egy r\u00f6vid ismerked\u0151 s\u00e9t\u00e1t k\u00f6vet\u0151en vizet \u00e9s \u00e9telt kapnak, majd lehet\u0151s\u00e9get biztos\u00edtunk sz\u00e1mukra egy kiad\u00f3s pihen\u00e9shez.<\/p><p><img fetchpriority=\"high\" decoding=\"async\" class=\"alignright wp-image-12965\" src=\"https:\/\/www.pro-village.com\/wp-content\/uploads\/2020\/07\/IMG_8515-300x200.jpg\" alt=\"Hund beim Spazierengehen\" width=\"450\" height=\"300\" srcset=\"https:\/\/www.pro-village.com\/wp-content\/uploads\/2020\/07\/IMG_8515-300x200.jpg 300w, https:\/\/www.pro-village.com\/wp-content\/uploads\/2020\/07\/IMG_8515-1024x683.jpg 1024w, https:\/\/www.pro-village.com\/wp-content\/uploads\/2020\/07\/IMG_8515-768x512.jpg 768w, https:\/\/www.pro-village.com\/wp-content\/uploads\/2020\/07\/IMG_8515.jpg 1200w\" sizes=\"(max-width: 450px) 100vw, 450px\" \/><\/p><p><strong style=\"color: black;\">Els\u0151 h\u00e9t: \u201cItt mindenki \u00f6r\u00fcl nekem\u201d<\/strong><\/p><p>A kezdeti l\u00e9p\u00e9sek mindig \u00f3vatosak, ez a k\u00f6lcs\u00f6n\u00f6s ismerked\u00e9s id\u0151szaka, ahol a c\u00e9l az \u00faj j\u00f6vev\u00e9ny bizalm\u00e1nak elnyer\u00e9se. A bar\u00e1ts\u00e1gos fogadtat\u00e1s, az \u00faj k\u00f6rnyezet, a helyis\u00e9gek \u00e9s a z\u00f6ldter\u00fclet felfedez\u00e9se, egy-egy kedves simogat\u00e1s mind el\u0151seg\u00edtik a beilleszked\u00e9st.<\/p><p>Az els\u0151 h\u00e9t az \u00faj kutyusok eset\u00e9ben mindenekel\u0151tt a megfigyel\u00e9sr\u0151l sz\u00f3l; tanulm\u00e1nyozzuk viselked\u00e9s\u00fcket \u00e9s hangulatukat. Ebben az id\u0151szakban nagyon fontos, hogy hagyjunk nekik szabads\u00e1got, de ugyanakkor figyelni kell a sz\u00fcks\u00e9gleteikre. Ilyenkor m\u00e9g ker\u00fclj\u00fck azokat a helyzeteket, amelyek stresszhat\u00e1st vagy f\u00e9lelmet v\u00e1ltanak ki bel\u0151l\u00fck, legyen sz\u00f3 cs\u00fasz\u00f3s vagy \u00fcvegfel\u00fcletekr\u0151l, s\u00f6t\u00e9t \u00fatvonalakr\u00f3l, alag\u00fatakr\u00f3l vagy b\u00e1rmely m\u00e1s szorong\u00e1st kiv\u00e1lt\u00f3 szitu\u00e1ci\u00f3r\u00f3l.<\/p><p>Er\u0151ltetni kell viszont azokat az \u00e9lethelyzeteket, amelyek ismeretlenek vagy szokatlanok a kuty\u00e1k sz\u00e1m\u00e1ra, viszont nem esik nehez\u00fckre \u00e9s nem j\u00e1r stresszel. Ezek m\u00e1r az els\u0151 h\u00e9ten jelent\u0151sen hozz\u00e1j\u00e1rulhatnak ahhoz a szem\u00e9lyis\u00e9gfejl\u0151d\u00e9shez, amin n\u00e1lunk \u00e1tmennek. Ilyen t\u00f6bbek k\u00f6z\u00f6tt a kutyagondoz\u00f3kkal \u00e9s a szem\u00e9lyzet m\u00e1s tagjaival val\u00f3 tal\u00e1lkoz\u00e1s is.<\/p><p><img decoding=\"async\" class=\"size-medium wp-image-15659 alignleft\" src=\"https:\/\/www.pro-village.com\/wp-content\/uploads\/2021\/05\/IMG_1067-300x200.jpg\" alt=\"Hund Hugo\" width=\"300\" height=\"200\" srcset=\"https:\/\/www.pro-village.com\/wp-content\/uploads\/2021\/05\/IMG_1067-300x200.jpg 300w, https:\/\/www.pro-village.com\/wp-content\/uploads\/2021\/05\/IMG_1067-768x512.jpg 768w, https:\/\/www.pro-village.com\/wp-content\/uploads\/2021\/05\/IMG_1067-16x12.jpg 16w, https:\/\/www.pro-village.com\/wp-content\/uploads\/2021\/05\/IMG_1067.jpg 800w\" sizes=\"(max-width: 300px) 100vw, 300px\" \/><\/p><p>Minden kuty\u00e1val szem\u00e9lyre szabva, a viselked\u00e9s\u00fck \u00e9s az els\u0151 id\u0151szakban tapasztaltak alapj\u00e1n kezdj\u00fck meg a k\u00f6z\u00f6s munk\u00e1t: van \u00fagy, hogy nem jelent probl\u00e9m\u00e1t az \u00faj k\u00f6rnyezet \u00e9s az idegenek, de akadnak olyan kutyusok is, akik kev\u00e9sb\u00e9 nyitottak, az el\u0151\u00e9let\u00fckb\u0151l kifoly\u00f3lag ink\u00e1bb az egyed\u00fcll\u00e9tet szokt\u00e1k meg, nekik t\u00f6bb id\u0151re \u00e9s t\u00fcrelemre van sz\u00fcks\u00e9g\u00fck.<\/p><p>Ezekn\u00e9l a kuty\u00e1kn\u00e1l az els\u0151 l\u00e9p\u00e9sek meghat\u00e1roz\u00f3ak, k\u00fcl\u00f6n\u00f6sen nagy tapasztalatot ig\u00e9nyelnek, amellyel a Pro Village munkat\u00e1rsai m\u00e1r rendelkeznek. Az ember hozz\u00e1\u00e1ll\u00e1sa ezekben az esetekben d\u00f6nt\u0151en befoly\u00e1solja a kuty\u00e1k viselked\u00e9s\u00e9t is. A testbesz\u00e9d, a hanglejt\u00e9s jelent\u0151sen befoly\u00e1solja a kuty\u00e1k magatart\u00e1s\u00e1t. A visszafogott mozdulatok, lehajolni hozz\u00e1juk, az \u00f3vatos simogat\u00e1s \u00e9s a nyugodt, nem hars\u00e1ny besz\u00e9d mind-mind nagyon fontos. Ezeken k\u00edv\u00fcl pedig term\u00e9szetesen sok-sok egy\u00e9b eszk\u00f6z \u00e9s gyakorlat l\u00e9tezik a bizalom\u00e9p\u00edt\u00e9sre.<\/p><p>A k\u00f6vetkez\u0151 bejegyz\u00e9sben a kutyusok Pro Village-ben t\u00f6lt\u00f6tt m\u00e1sodik het\u00e9r\u0151l olvashatsz.<\/p><p><\/p><hr \/><p>K\u00e9rd\u00e9seid vannak? Szeretn\u00e9l Te, esetleg az ismer\u0151seid k\u00f6z\u00fcl valaki egy mentett kuty\u00e1nak \u00faj es\u00e9lyt adni? Keress minket b\u00e1tran e-mailben az <a href=\"mailto:info@pro-village.eu\">info@pro-village.eu<\/a> c\u00edmen vagy telefonon a <a href=\"tel:0036704296766\">+36 70 429 6766<\/a> sz\u00e1mon. Tov\u00e1bbi inform\u00e1ci\u00f3kat weboldalunkon tal\u00e1lsz: <a href=\"https:\/\/www.pro-village.com\/hu\/initiative-zweites-leben\/\">https:\/\/www.pro-village.com\/hu\/masodik-elet-kezdemenyezes\/<\/a>\u00a0<\/p>\t\t\t\t\t\t<\/div>\n\t\t\t\t<\/div>\n\t\t\t\t\t<\/div>\n\t\t<\/div>\n\t\t\t\t\t\t\t<\/div>\n\t\t<\/section>\n\t\t\t\t\t\t\t<\/div>","protected":false},"excerpt":{"rendered":"<p>A k\u00f6vetkez\u0151 bejegyz\u00e9sekben betekint\u00e9st nyerhettek abba a kalandos \u00e9s nem ritk\u00e1n \u00e9letment\u0151 folyamatba, hogy mik\u00e9nt jutnak el a kuty\u00e1k az oroszorsz\u00e1gi menhelyekr\u0151l \u00e1tmeneti otthonukba, a Pro Village-be, valamint ott hogyan telik a legfontosabb els\u0151 n\u00e9gy het\u00fck. Ma az els\u0151 hetet mutatjuk be Nektek...<\/p>\n<p> <a class=\"more-link\" href=\"https:\/\/www.pro-village.com\/hu\/die-erste-woche-eines-hundes-in-pro-village\/\">Read more<\/a><\/p>","protected":false},"author":1,"featured_media":12965,"comment_status":"closed","ping_status":"closed","sticky":false,"template":"","format":"standard","meta":{"footnotes":""},"categories":[31],"tags":[],"yoast_head":"<!-- This site is optimized with the Yoast SEO plugin v23.4 - https:\/\/yoast.com\/wordpress\/plugins\/seo\/ -->\n<title>Die erste Woche eines Hundes in Pro-Village - Pro Village<\/title>\n<meta name=\"description\" content=\"Neuer Blogartikel \u201eWer steht hinter Pro-Village? Teil 2\u201c: Der zweite Teil des spannenden und aufschlussreichen Interviews mit Galina Kiseleva. Gr\u00fcnderin, Wegbereiterin und Dog Managerin von Pro-Village.\" \/>\n<meta name=\"robots\" content=\"index, follow, max-snippet:-1, max-image-preview:large, max-video-preview:-1\" \/>\n<link rel=\"canonical\" href=\"https:\/\/www.pro-village.com\/hu\/masodik-het-a-pro-village-ben\/\" \/>\n<meta property=\"og:locale\" content=\"hu_HU\" \/>\n<meta property=\"og:type\" content=\"article\" \/>\n<meta property=\"og:title\" content=\"Die erste Woche eines Hundes in Pro-Village - Pro Village\" \/>\n<meta property=\"og:description\" content=\"Neuer Blogartikel \u201eWer steht hinter Pro-Village? Teil 2\u201c: Der zweite Teil des spannenden und aufschlussreichen Interviews mit Galina Kiseleva. Gr\u00fcnderin, Wegbereiterin und Dog Managerin von Pro-Village.\" \/>\n<meta property=\"og:url\" content=\"https:\/\/www.pro-village.com\/hu\/masodik-het-a-pro-village-ben\/\" \/>\n<meta property=\"og:site_name\" content=\"Pro Village\" \/>\n<meta property=\"article:published_time\" content=\"2021-05-29T09:23:07+00:00\" \/>\n<meta property=\"article:modified_time\" content=\"2021-06-03T05:29:24+00:00\" \/>\n<meta property=\"og:image\" content=\"https:\/\/www.pro-village.com\/wp-content\/uploads\/2020\/07\/IMG_8515.jpg\" \/>\n\t<meta property=\"og:image:width\" content=\"1200\" \/>\n\t<meta property=\"og:image:height\" content=\"800\" \/>\n\t<meta property=\"og:image:type\" content=\"image\/jpeg\" \/>\n<meta name=\"author\" content=\"tw\" \/>\n<meta name=\"twitter:card\" content=\"summary_large_image\" \/>\n<meta name=\"twitter:label1\" content=\"Szerz\u0151:\" \/>\n\t<meta name=\"twitter:data1\" content=\"tw\" \/>\n\t<meta name=\"twitter:label2\" content=\"Becs\u00fclt olvas\u00e1si id\u0151\" \/>\n\t<meta name=\"twitter:data2\" content=\"3 perc\" \/>\n<script type=\"application\/ld+json\" class=\"yoast-schema-graph\">{\"@context\":\"https:\/\/schema.org\",\"@graph\":[{\"@type\":\"Article\",\"@id\":\"https:\/\/www.pro-village.com\/hu\/masodik-het-a-pro-village-ben\/#article\",\"isPartOf\":{\"@id\":\"https:\/\/www.pro-village.com\/hu\/masodik-het-a-pro-village-ben\/\"},\"author\":{\"name\":\"tw\",\"@id\":\"https:\/\/www.pro-village.com\/#\/schema\/person\/0579bc66af3bbbefbd19f158fae2ac55\"},\"headline\":\"Die erste Woche eines Hundes in Pro-Village\",\"datePublished\":\"2021-05-29T09:23:07+00:00\",\"dateModified\":\"2021-06-03T05:29:24+00:00\",\"mainEntityOfPage\":{\"@id\":\"https:\/\/www.pro-village.com\/hu\/masodik-het-a-pro-village-ben\/\"},\"wordCount\":554,\"publisher\":{\"@id\":\"https:\/\/www.pro-village.com\/#organization\"},\"image\":{\"@id\":\"https:\/\/www.pro-village.com\/hu\/masodik-het-a-pro-village-ben\/#primaryimage\"},\"thumbnailUrl\":\"https:\/\/www.pro-village.com\/wp-content\/uploads\/2020\/07\/IMG_8515.jpg\",\"articleSection\":[\"Hunde\"],\"inLanguage\":\"hu\"},{\"@type\":\"WebPage\",\"@id\":\"https:\/\/www.pro-village.com\/hu\/masodik-het-a-pro-village-ben\/\",\"url\":\"https:\/\/www.pro-village.com\/hu\/masodik-het-a-pro-village-ben\/\",\"name\":\"Die erste Woche eines Hundes in Pro-Village - Pro Village\",\"isPartOf\":{\"@id\":\"https:\/\/www.pro-village.com\/#website\"},\"primaryImageOfPage\":{\"@id\":\"https:\/\/www.pro-village.com\/hu\/masodik-het-a-pro-village-ben\/#primaryimage\"},\"image\":{\"@id\":\"https:\/\/www.pro-village.com\/hu\/masodik-het-a-pro-village-ben\/#primaryimage\"},\"thumbnailUrl\":\"https:\/\/www.pro-village.com\/wp-content\/uploads\/2020\/07\/IMG_8515.jpg\",\"datePublished\":\"2021-05-29T09:23:07+00:00\",\"dateModified\":\"2021-06-03T05:29:24+00:00\",\"description\":\"Neuer Blogartikel \u201eWer steht hinter Pro-Village? Teil 2\u201c: Der zweite Teil des spannenden und aufschlussreichen Interviews mit Galina Kiseleva. Gr\u00fcnderin, Wegbereiterin und Dog Managerin von Pro-Village.\",\"breadcrumb\":{\"@id\":\"https:\/\/www.pro-village.com\/hu\/masodik-het-a-pro-village-ben\/#breadcrumb\"},\"inLanguage\":\"hu\",\"potentialAction\":[{\"@type\":\"ReadAction\",\"target\":[\"https:\/\/www.pro-village.com\/hu\/masodik-het-a-pro-village-ben\/\"]}]},{\"@type\":\"ImageObject\",\"inLanguage\":\"hu\",\"@id\":\"https:\/\/www.pro-village.com\/hu\/masodik-het-a-pro-village-ben\/#primaryimage\",\"url\":\"https:\/\/www.pro-village.com\/wp-content\/uploads\/2020\/07\/IMG_8515.jpg\",\"contentUrl\":\"https:\/\/www.pro-village.com\/wp-content\/uploads\/2020\/07\/IMG_8515.jpg\",\"width\":1200,\"height\":800,\"caption\":\"Hund beim Spazierengehen\"},{\"@type\":\"BreadcrumbList\",\"@id\":\"https:\/\/www.pro-village.com\/hu\/masodik-het-a-pro-village-ben\/#breadcrumb\",\"itemListElement\":[{\"@type\":\"ListItem\",\"position\":1,\"name\":\"Startseite\",\"item\":\"https:\/\/www.pro-village.com\/\"},{\"@type\":\"ListItem\",\"position\":2,\"name\":\"Die erste Woche eines Hundes in Pro-Village\"}]},{\"@type\":\"WebSite\",\"@id\":\"https:\/\/www.pro-village.com\/#website\",\"url\":\"https:\/\/www.pro-village.com\/\",\"name\":\"Pro Village\",\"description\":\"\",\"publisher\":{\"@id\":\"https:\/\/www.pro-village.com\/#organization\"},\"potentialAction\":[{\"@type\":\"SearchAction\",\"target\":{\"@type\":\"EntryPoint\",\"urlTemplate\":\"https:\/\/www.pro-village.com\/?s={search_term_string}\"},\"query-input\":{\"@type\":\"PropertyValueSpecification\",\"valueRequired\":true,\"valueName\":\"search_term_string\"}}],\"inLanguage\":\"hu\"},{\"@type\":\"Organization\",\"@id\":\"https:\/\/www.pro-village.com\/#organization\",\"name\":\"Pro Village Kft\",\"url\":\"https:\/\/www.pro-village.com\/\",\"logo\":{\"@type\":\"ImageObject\",\"inLanguage\":\"hu\",\"@id\":\"https:\/\/www.pro-village.com\/#\/schema\/logo\/image\/\",\"url\":\"https:\/\/www.pro-village.com\/wp-content\/uploads\/2019\/10\/Logo_ORIGINAL-FM_Avenir-1-e1572428559123.png\",\"contentUrl\":\"https:\/\/www.pro-village.com\/wp-content\/uploads\/2019\/10\/Logo_ORIGINAL-FM_Avenir-1-e1572428559123.png\",\"width\":600,\"height\":203,\"caption\":\"Pro Village Kft\"},\"image\":{\"@id\":\"https:\/\/www.pro-village.com\/#\/schema\/logo\/image\/\"}},{\"@type\":\"Person\",\"@id\":\"https:\/\/www.pro-village.com\/#\/schema\/person\/0579bc66af3bbbefbd19f158fae2ac55\",\"name\":\"tw\",\"image\":{\"@type\":\"ImageObject\",\"inLanguage\":\"hu\",\"@id\":\"https:\/\/www.pro-village.com\/#\/schema\/person\/image\/\",\"url\":\"https:\/\/secure.gravatar.com\/avatar\/b74022dac6e893c6306d1e9bdf9989c9?s=96&d=mm&r=g\",\"contentUrl\":\"https:\/\/secure.gravatar.com\/avatar\/b74022dac6e893c6306d1e9bdf9989c9?s=96&d=mm&r=g\",\"caption\":\"tw\"},\"url\":\"https:\/\/www.pro-village.com\/hu\/author\/admin\/\"}]}<\/script>\n<!-- \/ Yoast SEO plugin. -->","yoast_head_json":{"title":"Die erste Woche eines Hundes in Pro-Village - Pro Village","description":"Neuer Blogartikel \u201eWer steht hinter Pro-Village? Teil 2\u201c: Der zweite Teil des spannenden und aufschlussreichen Interviews mit Galina Kiseleva. Gr\u00fcnderin, Wegbereiterin und Dog Managerin von Pro-Village.","robots":{"index":"index","follow":"follow","max-snippet":"max-snippet:-1","max-image-preview":"max-image-preview:large","max-video-preview":"max-video-preview:-1"},"canonical":"https:\/\/www.pro-village.com\/hu\/masodik-het-a-pro-village-ben\/","og_locale":"hu_HU","og_type":"article","og_title":"Die erste Woche eines Hundes in Pro-Village - Pro Village","og_description":"Neuer Blogartikel \u201eWer steht hinter Pro-Village? Teil 2\u201c: Der zweite Teil des spannenden und aufschlussreichen Interviews mit Galina Kiseleva. Gr\u00fcnderin, Wegbereiterin und Dog Managerin von Pro-Village.","og_url":"https:\/\/www.pro-village.com\/hu\/masodik-het-a-pro-village-ben\/","og_site_name":"Pro Village","article_published_time":"2021-05-29T09:23:07+00:00","article_modified_time":"2021-06-03T05:29:24+00:00","og_image":[{"width":1200,"height":800,"url":"https:\/\/www.pro-village.com\/wp-content\/uploads\/2020\/07\/IMG_8515.jpg","type":"image\/jpeg"}],"author":"tw","twitter_card":"summary_large_image","twitter_misc":{"Szerz\u0151:":"tw","Becs\u00fclt olvas\u00e1si id\u0151":"3 perc"},"schema":{"@context":"https:\/\/schema.org","@graph":[{"@type":"Article","@id":"https:\/\/www.pro-village.com\/hu\/masodik-het-a-pro-village-ben\/#article","isPartOf":{"@id":"https:\/\/www.pro-village.com\/hu\/masodik-het-a-pro-village-ben\/"},"author":{"name":"tw","@id":"https:\/\/www.pro-village.com\/#\/schema\/person\/0579bc66af3bbbefbd19f158fae2ac55"},"headline":"Die erste Woche eines Hundes in Pro-Village","datePublished":"2021-05-29T09:23:07+00:00","dateModified":"2021-06-03T05:29:24+00:00","mainEntityOfPage":{"@id":"https:\/\/www.pro-village.com\/hu\/masodik-het-a-pro-village-ben\/"},"wordCount":554,"publisher":{"@id":"https:\/\/www.pro-village.com\/#organization"},"image":{"@id":"https:\/\/www.pro-village.com\/hu\/masodik-het-a-pro-village-ben\/#primaryimage"},"thumbnailUrl":"https:\/\/www.pro-village.com\/wp-content\/uploads\/2020\/07\/IMG_8515.jpg","articleSection":["Hunde"],"inLanguage":"hu"},{"@type":"WebPage","@id":"https:\/\/www.pro-village.com\/hu\/masodik-het-a-pro-village-ben\/","url":"https:\/\/www.pro-village.com\/hu\/masodik-het-a-pro-village-ben\/","name":"Die erste Woche eines Hundes in Pro-Village - Pro Village","isPartOf":{"@id":"https:\/\/www.pro-village.com\/#website"},"primaryImageOfPage":{"@id":"https:\/\/www.pro-village.com\/hu\/masodik-het-a-pro-village-ben\/#primaryimage"},"image":{"@id":"https:\/\/www.pro-village.com\/hu\/masodik-het-a-pro-village-ben\/#primaryimage"},"thumbnailUrl":"https:\/\/www.pro-village.com\/wp-content\/uploads\/2020\/07\/IMG_8515.jpg","datePublished":"2021-05-29T09:23:07+00:00","dateModified":"2021-06-03T05:29:24+00:00","description":"Neuer Blogartikel \u201eWer steht hinter Pro-Village? Teil 2\u201c: Der zweite Teil des spannenden und aufschlussreichen Interviews mit Galina Kiseleva. Gr\u00fcnderin, Wegbereiterin und Dog Managerin von Pro-Village.","breadcrumb":{"@id":"https:\/\/www.pro-village.com\/hu\/masodik-het-a-pro-village-ben\/#breadcrumb"},"inLanguage":"hu","potentialAction":[{"@type":"ReadAction","target":["https:\/\/www.pro-village.com\/hu\/masodik-het-a-pro-village-ben\/"]}]},{"@type":"ImageObject","inLanguage":"hu","@id":"https:\/\/www.pro-village.com\/hu\/masodik-het-a-pro-village-ben\/#primaryimage","url":"https:\/\/www.pro-village.com\/wp-content\/uploads\/2020\/07\/IMG_8515.jpg","contentUrl":"https:\/\/www.pro-village.com\/wp-content\/uploads\/2020\/07\/IMG_8515.jpg","width":1200,"height":800,"caption":"Hund beim Spazierengehen"},{"@type":"BreadcrumbList","@id":"https:\/\/www.pro-village.com\/hu\/masodik-het-a-pro-village-ben\/#breadcrumb","itemListElement":[{"@type":"ListItem","position":1,"name":"Startseite","item":"https:\/\/www.pro-village.com\/"},{"@type":"ListItem","position":2,"name":"Die erste Woche eines Hundes in Pro-Village"}]},{"@type":"WebSite","@id":"https:\/\/www.pro-village.com\/#website","url":"https:\/\/www.pro-village.com\/","name":"Pro Village","description":"","publisher":{"@id":"https:\/\/www.pro-village.com\/#organization"},"potentialAction":[{"@type":"SearchAction","target":{"@type":"EntryPoint","urlTemplate":"https:\/\/www.pro-village.com\/?s={search_term_string}"},"query-input":{"@type":"PropertyValueSpecification","valueRequired":true,"valueName":"search_term_string"}}],"inLanguage":"hu"},{"@type":"Organization","@id":"https:\/\/www.pro-village.com\/#organization","name":"Pro Village Kft","url":"https:\/\/www.pro-village.com\/","logo":{"@type":"ImageObject","inLanguage":"hu","@id":"https:\/\/www.pro-village.com\/#\/schema\/logo\/image\/","url":"https:\/\/www.pro-village.com\/wp-content\/uploads\/2019\/10\/Logo_ORIGINAL-FM_Avenir-1-e1572428559123.png","contentUrl":"https:\/\/www.pro-village.com\/wp-content\/uploads\/2019\/10\/Logo_ORIGINAL-FM_Avenir-1-e1572428559123.png","width":600,"height":203,"caption":"Pro Village Kft"},"image":{"@id":"https:\/\/www.pro-village.com\/#\/schema\/logo\/image\/"}},{"@type":"Person","@id":"https:\/\/www.pro-village.com\/#\/schema\/person\/0579bc66af3bbbefbd19f158fae2ac55","name":"tw","image":{"@type":"ImageObject","inLanguage":"hu","@id":"https:\/\/www.pro-village.com\/#\/schema\/person\/image\/","url":"https:\/\/secure.gravatar.com\/avatar\/b74022dac6e893c6306d1e9bdf9989c9?s=96&d=mm&r=g","contentUrl":"https:\/\/secure.gravatar.com\/avatar\/b74022dac6e893c6306d1e9bdf9989c9?s=96&d=mm&r=g","caption":"tw"},"url":"https:\/\/www.pro-village.com\/hu\/author\/admin\/"}]}},"_links":{"self":[{"href":"https:\/\/www.pro-village.com\/hu\/wp-json\/wp\/v2\/posts\/15650"}],"collection":[{"href":"https:\/\/www.pro-village.com\/hu\/wp-json\/wp\/v2\/posts"}],"about":[{"href":"https:\/\/www.pro-village.com\/hu\/wp-json\/wp\/v2\/types\/post"}],"author":[{"embeddable":true,"href":"https:\/\/www.pro-village.com\/hu\/wp-json\/wp\/v2\/users\/1"}],"replies":[{"embeddable":true,"href":"https:\/\/www.pro-village.com\/hu\/wp-json\/wp\/v2\/comments?post=15650"}],"version-history":[{"count":23,"href":"https:\/\/www.pro-village.com\/hu\/wp-json\/wp\/v2\/posts\/15650\/revisions"}],"predecessor-version":[{"id":15680,"href":"https:\/\/www.pro-village.com\/hu\/wp-json\/wp\/v2\/posts\/15650\/revisions\/15680"}],"wp:featuredmedia":[{"embeddable":true,"href":"https:\/\/www.pro-village.com\/hu\/wp-json\/wp\/v2\/media\/12965"}],"wp:attachment":[{"href":"https:\/\/www.pro-village.com\/hu\/wp-json\/wp\/v2\/media?parent=15650"}],"wp:term":[{"taxonomy":"category","embeddable":true,"href":"https:\/\/www.pro-village.com\/hu\/wp-json\/wp\/v2\/categories?post=15650"},{"taxonomy":"post_tag","embeddable":true,"href":"https:\/\/www.pro-village.com\/hu\/wp-json\/wp\/v2\/tags?post=15650"}],"curies":[{"name":"wp","href":"https:\/\/api.w.org\/{rel}","templated":true}]}}