{"id":15696,"date":"2021-06-12T05:00:09","date_gmt":"2021-06-12T05:00:09","guid":{"rendered":"https:\/\/www.pro-village.com\/?p=15696"},"modified":"2026-03-09T20:12:15","modified_gmt":"2026-03-09T20:12:15","slug":"elso-het-a-pro-village-ben","status":"publish","type":"post","link":"https:\/\/www.pro-village.com\/hu\/die-zweite-woche-eines-hundes-in-pro-village\/","title":{"rendered":"M\u00e1sodik h\u00e9t a Pro-Village-ben"},"content":{"rendered":"<div data-elementor-type=\"wp-post\" data-elementor-id=\"15696\" class=\"elementor elementor-15696\">\n\t\t\t\t\t\t\t\t\t<section class=\"elementor-section elementor-top-section elementor-element elementor-element-51512116 elementor-section-boxed elementor-section-height-default elementor-section-height-default\" data-id=\"51512116\" data-element_type=\"section\">\n\t\t\t\t\t\t<div class=\"elementor-container elementor-column-gap-default\">\n\t\t\t\t\t<div class=\"elementor-column elementor-col-100 elementor-top-column elementor-element elementor-element-24a974bd\" data-id=\"24a974bd\" data-element_type=\"column\">\n\t\t\t<div class=\"elementor-widget-wrap elementor-element-populated\">\n\t\t\t\t\t\t\t\t<div class=\"elementor-element elementor-element-22f2ac27 elementor-widget elementor-widget-heading\" data-id=\"22f2ac27\" data-element_type=\"widget\" data-widget_type=\"heading.default\">\n\t\t\t\t<div class=\"elementor-widget-container\">\n\t\t\t<h1 class=\"elementor-heading-title elementor-size-default\">M\u00e1sodik h\u00e9t a Pro-Village-ben<\/h1>\t\t<\/div>\n\t\t\t\t<\/div>\n\t\t\t\t<div class=\"elementor-element elementor-element-7d9ca6f8 elementor-widget elementor-widget-heading\" data-id=\"7d9ca6f8\" data-element_type=\"widget\" data-widget_type=\"heading.default\">\n\t\t\t\t<div class=\"elementor-widget-container\">\n\t\t\t<h6 class=\"elementor-heading-title elementor-size-default\">Bea Liebisch \u00edr\u00e1sa, 12.06.2021<\/h6>\t\t<\/div>\n\t\t\t\t<\/div>\n\t\t\t\t\t<\/div>\n\t\t<\/div>\n\t\t\t\t\t\t\t<\/div>\n\t\t<\/section>\n\t\t\t\t<section class=\"elementor-section elementor-top-section elementor-element elementor-element-756e158f elementor-section-boxed elementor-section-height-default elementor-section-height-default\" data-id=\"756e158f\" data-element_type=\"section\">\n\t\t\t\t\t\t<div class=\"elementor-container elementor-column-gap-default\">\n\t\t\t\t\t<div class=\"elementor-column elementor-col-100 elementor-top-column elementor-element elementor-element-28748f82\" data-id=\"28748f82\" data-element_type=\"column\">\n\t\t\t<div class=\"elementor-widget-wrap elementor-element-populated\">\n\t\t\t\t\t\t\t\t<div class=\"elementor-element elementor-element-7d3737a2 elementor-widget elementor-widget-text-editor\" data-id=\"7d3737a2\" data-element_type=\"widget\" data-widget_type=\"text-editor.default\">\n\t\t\t\t<div class=\"elementor-widget-container\">\n\t\t\t\t\t\t\t<p><em>A k\u00f6vetkez\u0151 bejegyz\u00e9sekben betekint\u00e9st nyerhettek abba a kalandos \u00e9s nem ritk\u00e1n \u00e9letment\u0151 folyamatba, hogy mik\u00e9nt jutnak el a kuty\u00e1k az oroszorsz\u00e1gi menhelyekr\u0151l \u00e1tmeneti otthonukba, a Pro-Village-be, valamint ott hogyan telik a legfontosabb els\u0151 n\u00e9gy het\u00fck. Ma a m\u00e1sodik hetet mutatjuk be Nektek:<\/em><\/p><p><strong style=\"color: black;\">M\u00e1sodik h\u00e9t: \u201cItt seg\u00edteni szeretn\u00e9nek nekem\u201c<\/strong><\/p><p><em><img fetchpriority=\"high\" decoding=\"async\" class=\"alignright wp-image-17156 size-medium\" src=\"https:\/\/www.pro-village.com\/wp-content\/uploads\/2025\/10\/DSC04755-Large-300x200.jpeg\" alt=\"Hund sitzt auf Couch\" width=\"300\" height=\"200\" srcset=\"https:\/\/www.pro-village.com\/wp-content\/uploads\/2025\/10\/DSC04755-Large-300x200.jpeg 300w, https:\/\/www.pro-village.com\/wp-content\/uploads\/2025\/10\/DSC04755-Large-1024x682.jpeg 1024w, https:\/\/www.pro-village.com\/wp-content\/uploads\/2025\/10\/DSC04755-Large-768x512.jpeg 768w, https:\/\/www.pro-village.com\/wp-content\/uploads\/2025\/10\/DSC04755-Large-18x12.jpeg 18w, https:\/\/www.pro-village.com\/wp-content\/uploads\/2025\/10\/DSC04755-Large.jpeg 1280w\" sizes=\"(max-width: 300px) 100vw, 300px\" \/><\/em><\/p><p>Az els\u0151 benyom\u00e1sok \u00e9s tapasztalatok alapj\u00e1n kutyus \u00e9s gondoz\u00f3ja ismerkednek, megszokj\u00e1k egym\u00e1st \u00e9s kezdenek megb\u00edzni egym\u00e1sban. A rendszeres kontakt, simogat\u00e1s, f\u00e9s\u00fcl\u00e9s mind-mind seg\u00edti a bizalom\u00e9p\u00edt\u00e9st. Gyakran ker\u00fclnek hozz\u00e1nk olyan kuty\u00e1k, akik hihetetlen\u00fcl sok\u00e1ig  egyed\u00fcl voltak \u00e9s term\u00e9szetess\u00e9 v\u00e1lt sz\u00e1mukra a mag\u00e1ny. Itt a kutyagondoz\u00f3kkal egy\u00fctt t\u00f6lt\u00f6tt id\u0151 alatt szokj\u00e1k meg \u00fajra az emberek t\u00e1rsas\u00e1g\u00e1t; a koncepci\u00f3nk el\u0151seg\u00edti n\u00e1luk azoknak a k\u00e9pess\u00e9geknek \u00e9s viselked\u00e9si form\u00e1knak az elsaj\u00e1t\u00edt\u00e1s\u00e1t, melyek lehet\u0151v\u00e9 teszik a k\u00e9s\u0151bbiekben az \u00faj csal\u00e1dba val\u00f3 beilleszked\u00e9st. Nagyon fontos az \u00e1lland\u00f3 megfigyel\u00e9s ebben a szakaszban, a kuty\u00e1k viselked\u00e9s\u00e9t, a f\u00e9lelmeiket, a fizikai adotts\u00e1gaikat, esetleg hi\u00e1nyoss\u00e1gaikat folyamatosan dokument\u00e1ljuk.<\/p><p>A n\u00f6vekv\u0151 bizalmat kihaszn\u00e1lva a kutyagondoz\u00f3k az ir\u00e1nyukba egyre nagyobb figyelmet tanus\u00edt\u00f3 kutyusoknak m\u00e1r \u00faj dolgokat is tudnak tan\u00edtani, ezekben a folyamatokban pedig k\u00fcl\u00f6nb\u00f6z\u0151 j\u00e1t\u00e9kok \u00e9s gyakorlatok illetve term\u00e9szetesen jutalomfalatok is seg\u00edtenek.<\/p><p>A k\u00f6vetkez\u0151 bejegyz\u00e9sben a kutyusok Pro-Village-ben t\u00f6lt\u00f6tt harmadik het\u00e9r\u0151l olvashatsz.\u00a0<\/p><hr \/><p>K\u00e9rd\u00e9seid vannak? Szeretn\u00e9l Te, esetleg az ismer\u0151seid k\u00f6z\u00fcl valaki egy mentett kuty\u00e1nak \u00faj es\u00e9lyt adni? Keress minket b\u00e1tran e-mailben az <a href=\"mailto:info@pro-village.eu\">info@pro-village.eu<\/a> c\u00edmen vagy telefonon a <a href=\"tel:0036704296766\">+36 70 429 6766<\/a> sz\u00e1mon. Tov\u00e1bbi inform\u00e1ci\u00f3kat weboldalunkon tal\u00e1lsz: <a href=\"https:\/\/www.pro-village.com\/hu\/initiative-zweites-leben\/\">https:\/\/www.pro-village.com\/hu\/masodik-elet-kezdemenyezes\/<\/a>\u00a0<\/p>\t\t\t\t\t\t<\/div>\n\t\t\t\t<\/div>\n\t\t\t\t\t<\/div>\n\t\t<\/div>\n\t\t\t\t\t\t\t<\/div>\n\t\t<\/section>\n\t\t\t\t\t\t\t<\/div>","protected":false},"excerpt":{"rendered":"<p>A k\u00f6vetkez\u0151 bejegyz\u00e9sekben betekint\u00e9st nyerhettek abba a kalandos \u00e9s nem ritk\u00e1n \u00e9letment\u0151 folyamatba, hogy mik\u00e9nt jutnak el a kuty\u00e1k az oroszorsz\u00e1gi menhelyekr\u0151l \u00e1tmeneti otthonukba, a Pro-Village-be, valamint ott hogyan telik a legfontosabb els\u0151 n\u00e9gy het\u00fck. Ma a m\u00e1sodik hetet mutatjuk be Nektek<\/p>\n<p> <a class=\"more-link\" href=\"https:\/\/www.pro-village.com\/hu\/die-zweite-woche-eines-hundes-in-pro-village\/\">Read more<\/a><\/p>","protected":false},"author":1,"featured_media":17156,"comment_status":"closed","ping_status":"closed","sticky":false,"template":"","format":"standard","meta":{"footnotes":""},"categories":[31],"tags":[],"yoast_head":"<!-- This site is optimized with the Yoast SEO plugin v23.4 - https:\/\/yoast.com\/wordpress\/plugins\/seo\/ -->\n<title>Die zweite Woche eines Hundes in Pro-Village - Pro Village<\/title>\n<meta name=\"description\" content=\"Neuer Blogartikel \u201eWer steht hinter Pro-Village? Teil 2\u201c: Der zweite Teil des spannenden und aufschlussreichen Interviews mit Galina Kiseleva. Gr\u00fcnderin, Wegbereiterin und Dog Managerin von Pro-Village.\" \/>\n<meta name=\"robots\" content=\"index, follow, max-snippet:-1, max-image-preview:large, max-video-preview:-1\" \/>\n<link rel=\"canonical\" href=\"https:\/\/www.pro-village.com\/hu\/elso-het-a-pro-village-ben\/\" \/>\n<meta property=\"og:locale\" content=\"hu_HU\" \/>\n<meta property=\"og:type\" content=\"article\" \/>\n<meta property=\"og:title\" content=\"Die zweite Woche eines Hundes in Pro-Village - Pro Village\" \/>\n<meta property=\"og:description\" content=\"Neuer Blogartikel \u201eWer steht hinter Pro-Village? Teil 2\u201c: Der zweite Teil des spannenden und aufschlussreichen Interviews mit Galina Kiseleva. Gr\u00fcnderin, Wegbereiterin und Dog Managerin von Pro-Village.\" \/>\n<meta property=\"og:url\" content=\"https:\/\/www.pro-village.com\/hu\/elso-het-a-pro-village-ben\/\" \/>\n<meta property=\"og:site_name\" content=\"Pro Village\" \/>\n<meta property=\"article:published_time\" content=\"2021-06-12T05:00:09+00:00\" \/>\n<meta property=\"article:modified_time\" content=\"2026-03-09T20:12:15+00:00\" \/>\n<meta property=\"og:image\" content=\"https:\/\/www.pro-village.com\/wp-content\/uploads\/2025\/10\/DSC04755-Large.jpeg\" \/>\n\t<meta property=\"og:image:width\" content=\"1280\" \/>\n\t<meta property=\"og:image:height\" content=\"853\" \/>\n\t<meta property=\"og:image:type\" content=\"image\/jpeg\" \/>\n<meta name=\"author\" content=\"tw\" \/>\n<meta name=\"twitter:card\" content=\"summary_large_image\" \/>\n<meta name=\"twitter:label1\" content=\"Szerz\u0151:\" \/>\n\t<meta name=\"twitter:data1\" content=\"tw\" \/>\n\t<meta name=\"twitter:label2\" content=\"Becs\u00fclt olvas\u00e1si id\u0151\" \/>\n\t<meta name=\"twitter:data2\" content=\"3 perc\" \/>\n<script type=\"application\/ld+json\" class=\"yoast-schema-graph\">{\"@context\":\"https:\/\/schema.org\",\"@graph\":[{\"@type\":\"Article\",\"@id\":\"https:\/\/www.pro-village.com\/die-zweite-woche-eines-hundes-in-pro-village\/#article\",\"isPartOf\":{\"@id\":\"https:\/\/www.pro-village.com\/die-zweite-woche-eines-hundes-in-pro-village\/\"},\"author\":{\"name\":\"tw\",\"@id\":\"https:\/\/www.pro-village.com\/#\/schema\/person\/0579bc66af3bbbefbd19f158fae2ac55\"},\"headline\":\"Die zweite Woche eines Hundes in Pro-Village\",\"datePublished\":\"2021-06-12T05:00:09+00:00\",\"dateModified\":\"2026-03-09T20:12:15+00:00\",\"mainEntityOfPage\":{\"@id\":\"https:\/\/www.pro-village.com\/die-zweite-woche-eines-hundes-in-pro-village\/\"},\"wordCount\":307,\"publisher\":{\"@id\":\"https:\/\/www.pro-village.com\/#organization\"},\"image\":{\"@id\":\"https:\/\/www.pro-village.com\/die-zweite-woche-eines-hundes-in-pro-village\/#primaryimage\"},\"thumbnailUrl\":\"https:\/\/www.pro-village.com\/wp-content\/uploads\/2025\/10\/DSC04755-Large.jpeg\",\"articleSection\":[\"Hunde\"],\"inLanguage\":\"hu\"},{\"@type\":\"WebPage\",\"@id\":\"https:\/\/www.pro-village.com\/die-zweite-woche-eines-hundes-in-pro-village\/\",\"url\":\"https:\/\/www.pro-village.com\/die-zweite-woche-eines-hundes-in-pro-village\/\",\"name\":\"Die zweite Woche eines Hundes in Pro-Village - Pro Village\",\"isPartOf\":{\"@id\":\"https:\/\/www.pro-village.com\/#website\"},\"primaryImageOfPage\":{\"@id\":\"https:\/\/www.pro-village.com\/die-zweite-woche-eines-hundes-in-pro-village\/#primaryimage\"},\"image\":{\"@id\":\"https:\/\/www.pro-village.com\/die-zweite-woche-eines-hundes-in-pro-village\/#primaryimage\"},\"thumbnailUrl\":\"https:\/\/www.pro-village.com\/wp-content\/uploads\/2025\/10\/DSC04755-Large.jpeg\",\"datePublished\":\"2021-06-12T05:00:09+00:00\",\"dateModified\":\"2026-03-09T20:12:15+00:00\",\"description\":\"Neuer Blogartikel \u201eWer steht hinter Pro-Village? Teil 2\u201c: Der zweite Teil des spannenden und aufschlussreichen Interviews mit Galina Kiseleva. Gr\u00fcnderin, Wegbereiterin und Dog Managerin von Pro-Village.\",\"breadcrumb\":{\"@id\":\"https:\/\/www.pro-village.com\/die-zweite-woche-eines-hundes-in-pro-village\/#breadcrumb\"},\"inLanguage\":\"hu\",\"potentialAction\":[{\"@type\":\"ReadAction\",\"target\":[\"https:\/\/www.pro-village.com\/die-zweite-woche-eines-hundes-in-pro-village\/\"]}]},{\"@type\":\"ImageObject\",\"inLanguage\":\"hu\",\"@id\":\"https:\/\/www.pro-village.com\/die-zweite-woche-eines-hundes-in-pro-village\/#primaryimage\",\"url\":\"https:\/\/www.pro-village.com\/wp-content\/uploads\/2025\/10\/DSC04755-Large.jpeg\",\"contentUrl\":\"https:\/\/www.pro-village.com\/wp-content\/uploads\/2025\/10\/DSC04755-Large.jpeg\",\"width\":1280,\"height\":853,\"caption\":\"Hund sitzt auf Couch\"},{\"@type\":\"BreadcrumbList\",\"@id\":\"https:\/\/www.pro-village.com\/die-zweite-woche-eines-hundes-in-pro-village\/#breadcrumb\",\"itemListElement\":[{\"@type\":\"ListItem\",\"position\":1,\"name\":\"Startseite\",\"item\":\"https:\/\/www.pro-village.com\/\"},{\"@type\":\"ListItem\",\"position\":2,\"name\":\"Die zweite Woche eines Hundes in Pro-Village\"}]},{\"@type\":\"WebSite\",\"@id\":\"https:\/\/www.pro-village.com\/#website\",\"url\":\"https:\/\/www.pro-village.com\/\",\"name\":\"Pro Village\",\"description\":\"\",\"publisher\":{\"@id\":\"https:\/\/www.pro-village.com\/#organization\"},\"potentialAction\":[{\"@type\":\"SearchAction\",\"target\":{\"@type\":\"EntryPoint\",\"urlTemplate\":\"https:\/\/www.pro-village.com\/?s={search_term_string}\"},\"query-input\":{\"@type\":\"PropertyValueSpecification\",\"valueRequired\":true,\"valueName\":\"search_term_string\"}}],\"inLanguage\":\"hu\"},{\"@type\":\"Organization\",\"@id\":\"https:\/\/www.pro-village.com\/#organization\",\"name\":\"Pro Village Kft\",\"url\":\"https:\/\/www.pro-village.com\/\",\"logo\":{\"@type\":\"ImageObject\",\"inLanguage\":\"hu\",\"@id\":\"https:\/\/www.pro-village.com\/#\/schema\/logo\/image\/\",\"url\":\"https:\/\/www.pro-village.com\/wp-content\/uploads\/2019\/10\/Logo_ORIGINAL-FM_Avenir-1-e1572428559123.png\",\"contentUrl\":\"https:\/\/www.pro-village.com\/wp-content\/uploads\/2019\/10\/Logo_ORIGINAL-FM_Avenir-1-e1572428559123.png\",\"width\":600,\"height\":203,\"caption\":\"Pro Village Kft\"},\"image\":{\"@id\":\"https:\/\/www.pro-village.com\/#\/schema\/logo\/image\/\"}},{\"@type\":\"Person\",\"@id\":\"https:\/\/www.pro-village.com\/#\/schema\/person\/0579bc66af3bbbefbd19f158fae2ac55\",\"name\":\"tw\",\"image\":{\"@type\":\"ImageObject\",\"inLanguage\":\"hu\",\"@id\":\"https:\/\/www.pro-village.com\/#\/schema\/person\/image\/\",\"url\":\"https:\/\/secure.gravatar.com\/avatar\/b74022dac6e893c6306d1e9bdf9989c9?s=96&d=mm&r=g\",\"contentUrl\":\"https:\/\/secure.gravatar.com\/avatar\/b74022dac6e893c6306d1e9bdf9989c9?s=96&d=mm&r=g\",\"caption\":\"tw\"},\"url\":\"https:\/\/www.pro-village.com\/hu\/author\/admin\/\"}]}<\/script>\n<!-- \/ Yoast SEO plugin. -->","yoast_head_json":{"title":"Die zweite Woche eines Hundes in Pro-Village - Pro Village","description":"Neuer Blogartikel \u201eWer steht hinter Pro-Village? Teil 2\u201c: Der zweite Teil des spannenden und aufschlussreichen Interviews mit Galina Kiseleva. Gr\u00fcnderin, Wegbereiterin und Dog Managerin von Pro-Village.","robots":{"index":"index","follow":"follow","max-snippet":"max-snippet:-1","max-image-preview":"max-image-preview:large","max-video-preview":"max-video-preview:-1"},"canonical":"https:\/\/www.pro-village.com\/hu\/elso-het-a-pro-village-ben\/","og_locale":"hu_HU","og_type":"article","og_title":"Die zweite Woche eines Hundes in Pro-Village - Pro Village","og_description":"Neuer Blogartikel \u201eWer steht hinter Pro-Village? Teil 2\u201c: Der zweite Teil des spannenden und aufschlussreichen Interviews mit Galina Kiseleva. Gr\u00fcnderin, Wegbereiterin und Dog Managerin von Pro-Village.","og_url":"https:\/\/www.pro-village.com\/hu\/elso-het-a-pro-village-ben\/","og_site_name":"Pro Village","article_published_time":"2021-06-12T05:00:09+00:00","article_modified_time":"2026-03-09T20:12:15+00:00","og_image":[{"width":1280,"height":853,"url":"https:\/\/www.pro-village.com\/wp-content\/uploads\/2025\/10\/DSC04755-Large.jpeg","type":"image\/jpeg"}],"author":"tw","twitter_card":"summary_large_image","twitter_misc":{"Szerz\u0151:":"tw","Becs\u00fclt olvas\u00e1si id\u0151":"3 perc"},"schema":{"@context":"https:\/\/schema.org","@graph":[{"@type":"Article","@id":"https:\/\/www.pro-village.com\/die-zweite-woche-eines-hundes-in-pro-village\/#article","isPartOf":{"@id":"https:\/\/www.pro-village.com\/die-zweite-woche-eines-hundes-in-pro-village\/"},"author":{"name":"tw","@id":"https:\/\/www.pro-village.com\/#\/schema\/person\/0579bc66af3bbbefbd19f158fae2ac55"},"headline":"Die zweite Woche eines Hundes in Pro-Village","datePublished":"2021-06-12T05:00:09+00:00","dateModified":"2026-03-09T20:12:15+00:00","mainEntityOfPage":{"@id":"https:\/\/www.pro-village.com\/die-zweite-woche-eines-hundes-in-pro-village\/"},"wordCount":307,"publisher":{"@id":"https:\/\/www.pro-village.com\/#organization"},"image":{"@id":"https:\/\/www.pro-village.com\/die-zweite-woche-eines-hundes-in-pro-village\/#primaryimage"},"thumbnailUrl":"https:\/\/www.pro-village.com\/wp-content\/uploads\/2025\/10\/DSC04755-Large.jpeg","articleSection":["Hunde"],"inLanguage":"hu"},{"@type":"WebPage","@id":"https:\/\/www.pro-village.com\/die-zweite-woche-eines-hundes-in-pro-village\/","url":"https:\/\/www.pro-village.com\/die-zweite-woche-eines-hundes-in-pro-village\/","name":"Die zweite Woche eines Hundes in Pro-Village - Pro Village","isPartOf":{"@id":"https:\/\/www.pro-village.com\/#website"},"primaryImageOfPage":{"@id":"https:\/\/www.pro-village.com\/die-zweite-woche-eines-hundes-in-pro-village\/#primaryimage"},"image":{"@id":"https:\/\/www.pro-village.com\/die-zweite-woche-eines-hundes-in-pro-village\/#primaryimage"},"thumbnailUrl":"https:\/\/www.pro-village.com\/wp-content\/uploads\/2025\/10\/DSC04755-Large.jpeg","datePublished":"2021-06-12T05:00:09+00:00","dateModified":"2026-03-09T20:12:15+00:00","description":"Neuer Blogartikel \u201eWer steht hinter Pro-Village? Teil 2\u201c: Der zweite Teil des spannenden und aufschlussreichen Interviews mit Galina Kiseleva. Gr\u00fcnderin, Wegbereiterin und Dog Managerin von Pro-Village.","breadcrumb":{"@id":"https:\/\/www.pro-village.com\/die-zweite-woche-eines-hundes-in-pro-village\/#breadcrumb"},"inLanguage":"hu","potentialAction":[{"@type":"ReadAction","target":["https:\/\/www.pro-village.com\/die-zweite-woche-eines-hundes-in-pro-village\/"]}]},{"@type":"ImageObject","inLanguage":"hu","@id":"https:\/\/www.pro-village.com\/die-zweite-woche-eines-hundes-in-pro-village\/#primaryimage","url":"https:\/\/www.pro-village.com\/wp-content\/uploads\/2025\/10\/DSC04755-Large.jpeg","contentUrl":"https:\/\/www.pro-village.com\/wp-content\/uploads\/2025\/10\/DSC04755-Large.jpeg","width":1280,"height":853,"caption":"Hund sitzt auf Couch"},{"@type":"BreadcrumbList","@id":"https:\/\/www.pro-village.com\/die-zweite-woche-eines-hundes-in-pro-village\/#breadcrumb","itemListElement":[{"@type":"ListItem","position":1,"name":"Startseite","item":"https:\/\/www.pro-village.com\/"},{"@type":"ListItem","position":2,"name":"Die zweite Woche eines Hundes in Pro-Village"}]},{"@type":"WebSite","@id":"https:\/\/www.pro-village.com\/#website","url":"https:\/\/www.pro-village.com\/","name":"Pro Village","description":"","publisher":{"@id":"https:\/\/www.pro-village.com\/#organization"},"potentialAction":[{"@type":"SearchAction","target":{"@type":"EntryPoint","urlTemplate":"https:\/\/www.pro-village.com\/?s={search_term_string}"},"query-input":{"@type":"PropertyValueSpecification","valueRequired":true,"valueName":"search_term_string"}}],"inLanguage":"hu"},{"@type":"Organization","@id":"https:\/\/www.pro-village.com\/#organization","name":"Pro Village Kft","url":"https:\/\/www.pro-village.com\/","logo":{"@type":"ImageObject","inLanguage":"hu","@id":"https:\/\/www.pro-village.com\/#\/schema\/logo\/image\/","url":"https:\/\/www.pro-village.com\/wp-content\/uploads\/2019\/10\/Logo_ORIGINAL-FM_Avenir-1-e1572428559123.png","contentUrl":"https:\/\/www.pro-village.com\/wp-content\/uploads\/2019\/10\/Logo_ORIGINAL-FM_Avenir-1-e1572428559123.png","width":600,"height":203,"caption":"Pro Village Kft"},"image":{"@id":"https:\/\/www.pro-village.com\/#\/schema\/logo\/image\/"}},{"@type":"Person","@id":"https:\/\/www.pro-village.com\/#\/schema\/person\/0579bc66af3bbbefbd19f158fae2ac55","name":"tw","image":{"@type":"ImageObject","inLanguage":"hu","@id":"https:\/\/www.pro-village.com\/#\/schema\/person\/image\/","url":"https:\/\/secure.gravatar.com\/avatar\/b74022dac6e893c6306d1e9bdf9989c9?s=96&d=mm&r=g","contentUrl":"https:\/\/secure.gravatar.com\/avatar\/b74022dac6e893c6306d1e9bdf9989c9?s=96&d=mm&r=g","caption":"tw"},"url":"https:\/\/www.pro-village.com\/hu\/author\/admin\/"}]}},"_links":{"self":[{"href":"https:\/\/www.pro-village.com\/hu\/wp-json\/wp\/v2\/posts\/15696"}],"collection":[{"href":"https:\/\/www.pro-village.com\/hu\/wp-json\/wp\/v2\/posts"}],"about":[{"href":"https:\/\/www.pro-village.com\/hu\/wp-json\/wp\/v2\/types\/post"}],"author":[{"embeddable":true,"href":"https:\/\/www.pro-village.com\/hu\/wp-json\/wp\/v2\/users\/1"}],"replies":[{"embeddable":true,"href":"https:\/\/www.pro-village.com\/hu\/wp-json\/wp\/v2\/comments?post=15696"}],"version-history":[{"count":14,"href":"https:\/\/www.pro-village.com\/hu\/wp-json\/wp\/v2\/posts\/15696\/revisions"}],"predecessor-version":[{"id":17194,"href":"https:\/\/www.pro-village.com\/hu\/wp-json\/wp\/v2\/posts\/15696\/revisions\/17194"}],"wp:featuredmedia":[{"embeddable":true,"href":"https:\/\/www.pro-village.com\/hu\/wp-json\/wp\/v2\/media\/17156"}],"wp:attachment":[{"href":"https:\/\/www.pro-village.com\/hu\/wp-json\/wp\/v2\/media?parent=15696"}],"wp:term":[{"taxonomy":"category","embeddable":true,"href":"https:\/\/www.pro-village.com\/hu\/wp-json\/wp\/v2\/categories?post=15696"},{"taxonomy":"post_tag","embeddable":true,"href":"https:\/\/www.pro-village.com\/hu\/wp-json\/wp\/v2\/tags?post=15696"}],"curies":[{"name":"wp","href":"https:\/\/api.w.org\/{rel}","templated":true}]}}