{"id":15738,"date":"2021-07-10T04:56:54","date_gmt":"2021-07-10T04:56:54","guid":{"rendered":"https:\/\/www.pro-village.com\/?p=15738"},"modified":"2025-12-19T20:38:49","modified_gmt":"2025-12-19T20:38:49","slug":"negyedik-het-a-pro-village-ben","status":"publish","type":"post","link":"https:\/\/www.pro-village.com\/hu\/die-vierte-woche-eines-hundes-in-pro-village\/","title":{"rendered":"Negyedik h\u00e9t a Pro-Village-ben"},"content":{"rendered":"<div data-elementor-type=\"wp-post\" data-elementor-id=\"15738\" class=\"elementor elementor-15738\">\n\t\t\t\t\t\t\t\t\t<section class=\"elementor-section elementor-top-section elementor-element elementor-element-51512116 elementor-section-boxed elementor-section-height-default elementor-section-height-default\" data-id=\"51512116\" data-element_type=\"section\">\n\t\t\t\t\t\t<div class=\"elementor-container elementor-column-gap-default\">\n\t\t\t\t\t<div class=\"elementor-column elementor-col-100 elementor-top-column elementor-element elementor-element-24a974bd\" data-id=\"24a974bd\" data-element_type=\"column\">\n\t\t\t<div class=\"elementor-widget-wrap elementor-element-populated\">\n\t\t\t\t\t\t\t\t<div class=\"elementor-element elementor-element-22f2ac27 elementor-widget elementor-widget-heading\" data-id=\"22f2ac27\" data-element_type=\"widget\" data-widget_type=\"heading.default\">\n\t\t\t\t<div class=\"elementor-widget-container\">\n\t\t\t<h1 class=\"elementor-heading-title elementor-size-default\">Negyedik h\u00e9t a Pro-Village-ben<\/h1>\t\t<\/div>\n\t\t\t\t<\/div>\n\t\t\t\t<div class=\"elementor-element elementor-element-7d9ca6f8 elementor-widget elementor-widget-heading\" data-id=\"7d9ca6f8\" data-element_type=\"widget\" data-widget_type=\"heading.default\">\n\t\t\t\t<div class=\"elementor-widget-container\">\n\t\t\t<h6 class=\"elementor-heading-title elementor-size-default\">Bea Liebisch \u00edr\u00e1sa, 10.07.2021<\/h6>\t\t<\/div>\n\t\t\t\t<\/div>\n\t\t\t\t\t<\/div>\n\t\t<\/div>\n\t\t\t\t\t\t\t<\/div>\n\t\t<\/section>\n\t\t\t\t<section class=\"elementor-section elementor-top-section elementor-element elementor-element-756e158f elementor-section-boxed elementor-section-height-default elementor-section-height-default\" data-id=\"756e158f\" data-element_type=\"section\">\n\t\t\t\t\t\t<div class=\"elementor-container elementor-column-gap-default\">\n\t\t\t\t\t<div class=\"elementor-column elementor-col-100 elementor-top-column elementor-element elementor-element-28748f82\" data-id=\"28748f82\" data-element_type=\"column\">\n\t\t\t<div class=\"elementor-widget-wrap elementor-element-populated\">\n\t\t\t\t\t\t\t\t<div class=\"elementor-element elementor-element-7d3737a2 elementor-widget elementor-widget-text-editor\" data-id=\"7d3737a2\" data-element_type=\"widget\" data-widget_type=\"text-editor.default\">\n\t\t\t\t<div class=\"elementor-widget-container\">\n\t\t\t\t\t\t\t<p><strong style=\"color: black;\">Negyedik h\u00e9t: \u201cFelk\u00e9sz\u00fcl\u00e9s egy \u00faj csal\u00e1dba ker\u00fcl\u00e9sre\"<\/strong><\/p><p><em><img fetchpriority=\"high\" decoding=\"async\" class=\"alignright wp-image-12967\" src=\"https:\/\/www.pro-village.com\/wp-content\/uploads\/2020\/07\/IMG_8437-300x200.jpg\" alt=\"Freundlicher Hund\" width=\"450\" height=\"300\" srcset=\"https:\/\/www.pro-village.com\/wp-content\/uploads\/2020\/07\/IMG_8437-300x200.jpg 300w, https:\/\/www.pro-village.com\/wp-content\/uploads\/2020\/07\/IMG_8437-1024x683.jpg 1024w, https:\/\/www.pro-village.com\/wp-content\/uploads\/2020\/07\/IMG_8437-768x512.jpg 768w, https:\/\/www.pro-village.com\/wp-content\/uploads\/2020\/07\/IMG_8437.jpg 1200w\" sizes=\"(max-width: 450px) 100vw, 450px\" \/><\/em><\/p><p>A bizalom \u00e9s a figyelm\u00fck elnyer\u00e9se az alapk\u00f6vei azon tov\u00e1bbi k\u00e9szs\u00e9gek elsaj\u00e1t\u00edt\u00e1s\u00e1nak, amelyekre a kutyusoknak egy \u00faj csal\u00e1dban a mindennapokban sz\u00fcks\u00e9g\u00fck lesz. Ide tartozik t\u00f6bbek k\u00f6z\u00f6tt a p\u00f3r\u00e1zhoz illetve a sz\u00e1jkos\u00e1rhoz szoktat\u00e1s, a kutyasz\u00e1ll\u00edt\u00f3 box megismer\u00e9se vagy az aut\u00f3ba ki- \u00e9s besz\u00e1ll\u00e1s. Ezeket a k\u00e9szs\u00e9geket j\u00e1t\u00e9kos form\u00e1ban folyamatosan tan\u00edtjuk \u00e9s gyakoroljuk.\nAz utols\u00f3 l\u00e9p\u00e9sek egyikek\u00e9nt minden kuty\u00e1n\u00e1l k\u00e9sz\u00edttet\u00fcnk egy DNS-tesztet. A kutyusokt\u00f3l vett ny\u00e1lmint\u00e1t laborat\u00f3riumban bevizsg\u00e1lj\u00e1k \u00e9s az adatokat egy DNS-anal\u00edzisben foglalj\u00e1k \u00f6ssze nek\u00fcnk.<\/p><p>Ez alapj\u00e1n meg\u00e1llap\u00edthat\u00f3, hogy az adott kutya milyen felmen\u0151kkel rendelkezik. Ez egyr\u00e9sz hasznos az el\u0151t\u00f6rt\u00e9net\u00fck miatt, m\u00e1sr\u00e9szt nagyon fontos lehet a fajt\u00e1kra vonatkoz\u00f3 saj\u00e1toss\u00e1gok vagy ak\u00e1r a jellemz\u0151 betegs\u00e9gek megel\u0151z\u00e9se tekintet\u00e9ben is.<\/p><p>Az el\u0151z\u0151ekben nagyvonalakban megismerhett\u00e9tek az els\u0151 n\u00e9gy hetet, amit a kutyusok a Pro-Village-ben t\u00f6ltenek. A program r\u00e9szleteiben term\u00e9szetesen minden kutya eset\u00e9ben m\u00e1s, egy\u00e9nileg \u2013 hozz\u00e1juk alkalmazkodva \u2013 v\u00e1ltozik. Ez mindenk\u00e9ppen kulcsfontoss\u00e1g\u00fa, hiszen ahogy k\u00f6z\u00f6tt\u00fcnk, emberek k\u00f6z\u00f6tt, k\u00f6z\u00f6tt\u00fck sincs k\u00e9t egyforma, mindannyian k\u00fcl\u00f6nb\u00f6z\u0151 szem\u00e9lyis\u00e9ggel \u00e9s el\u0151\u00e9lettel rendelkeznek.<\/p><hr \/><p>K\u00e9rd\u00e9seid vannak? Szeretn\u00e9l Te, esetleg az ismer\u0151seid k\u00f6z\u00fcl valaki egy mentett kuty\u00e1nak \u00faj es\u00e9lyt adni? Keress minket b\u00e1tran e-mailben az <a href=\"mailto:info@pro-village.eu\">info@pro-village.eu<\/a> c\u00edmen vagy telefonon a <a href=\"tel:0036704296766\">+36 70 429 6766<\/a> sz\u00e1mon. Tov\u00e1bbi inform\u00e1ci\u00f3kat weboldalunkon tal\u00e1lsz: <a href=\"https:\/\/www.pro-village.com\/hu\/initiative-zweites-leben\/\">https:\/\/www.pro-village.com\/hu\/masodik-elet-kezdemenyezes\/<\/a><\/p>\t\t\t\t\t\t<\/div>\n\t\t\t\t<\/div>\n\t\t\t\t\t<\/div>\n\t\t<\/div>\n\t\t\t\t\t\t\t<\/div>\n\t\t<\/section>\n\t\t\t\t<section class=\"elementor-section elementor-top-section elementor-element elementor-element-461f049 elementor-section-boxed elementor-section-height-default elementor-section-height-default\" data-id=\"461f049\" data-element_type=\"section\">\n\t\t\t\t\t\t<div class=\"elementor-container elementor-column-gap-default\">\n\t\t\t\t\t<div class=\"elementor-column elementor-col-33 elementor-top-column elementor-element elementor-element-663d70d\" data-id=\"663d70d\" data-element_type=\"column\">\n\t\t\t<div class=\"elementor-widget-wrap elementor-element-populated\">\n\t\t\t\t\t\t\t\t<div class=\"elementor-element elementor-element-58bdcef elementor-widget elementor-widget-image\" data-id=\"58bdcef\" data-element_type=\"widget\" data-widget_type=\"image.default\">\n\t\t\t\t<div class=\"elementor-widget-container\">\n\t\t\t\t\t\t\t\t\t\t\t\t\t\t\t<img decoding=\"async\" width=\"800\" height=\"534\" src=\"https:\/\/www.pro-village.com\/wp-content\/uploads\/2020\/07\/IMG_8488-1024x683.jpg\" class=\"attachment-large size-large wp-image-12966\" alt=\"Freundlicher Hund 2\" srcset=\"https:\/\/www.pro-village.com\/wp-content\/uploads\/2020\/07\/IMG_8488-1024x683.jpg 1024w, https:\/\/www.pro-village.com\/wp-content\/uploads\/2020\/07\/IMG_8488-300x200.jpg 300w, https:\/\/www.pro-village.com\/wp-content\/uploads\/2020\/07\/IMG_8488-768x512.jpg 768w, https:\/\/www.pro-village.com\/wp-content\/uploads\/2020\/07\/IMG_8488.jpg 1200w\" sizes=\"(max-width: 800px) 100vw, 800px\" \/>\t\t\t\t\t\t\t\t\t\t\t\t\t\t\t<\/div>\n\t\t\t\t<\/div>\n\t\t\t\t\t<\/div>\n\t\t<\/div>\n\t\t\t\t<div class=\"elementor-column elementor-col-33 elementor-top-column elementor-element elementor-element-8ac6795\" data-id=\"8ac6795\" data-element_type=\"column\">\n\t\t\t<div class=\"elementor-widget-wrap elementor-element-populated\">\n\t\t\t\t\t\t\t\t<div class=\"elementor-element elementor-element-24ef720 elementor-widget elementor-widget-image\" data-id=\"24ef720\" data-element_type=\"widget\" data-widget_type=\"image.default\">\n\t\t\t\t<div class=\"elementor-widget-container\">\n\t\t\t\t\t\t\t\t\t\t\t\t\t\t\t<img decoding=\"async\" width=\"800\" height=\"533\" src=\"https:\/\/www.pro-village.com\/wp-content\/uploads\/2025\/10\/MG_0760-Large-1024x682.jpeg\" class=\"attachment-large size-large wp-image-17149\" alt=\"Hund im Parcour\" srcset=\"https:\/\/www.pro-village.com\/wp-content\/uploads\/2025\/10\/MG_0760-Large-1024x682.jpeg 1024w, https:\/\/www.pro-village.com\/wp-content\/uploads\/2025\/10\/MG_0760-Large-300x200.jpeg 300w, https:\/\/www.pro-village.com\/wp-content\/uploads\/2025\/10\/MG_0760-Large-768x512.jpeg 768w, https:\/\/www.pro-village.com\/wp-content\/uploads\/2025\/10\/MG_0760-Large-18x12.jpeg 18w, https:\/\/www.pro-village.com\/wp-content\/uploads\/2025\/10\/MG_0760-Large.jpeg 1280w\" sizes=\"(max-width: 800px) 100vw, 800px\" \/>\t\t\t\t\t\t\t\t\t\t\t\t\t\t\t<\/div>\n\t\t\t\t<\/div>\n\t\t\t\t\t<\/div>\n\t\t<\/div>\n\t\t\t\t<div class=\"elementor-column elementor-col-33 elementor-top-column elementor-element elementor-element-acf5fc8\" data-id=\"acf5fc8\" data-element_type=\"column\">\n\t\t\t<div class=\"elementor-widget-wrap elementor-element-populated\">\n\t\t\t\t\t\t\t\t<div class=\"elementor-element elementor-element-23f612d elementor-widget elementor-widget-image\" data-id=\"23f612d\" data-element_type=\"widget\" data-widget_type=\"image.default\">\n\t\t\t\t<div class=\"elementor-widget-container\">\n\t\t\t\t\t\t\t\t\t\t\t\t\t\t\t<img loading=\"lazy\" decoding=\"async\" width=\"800\" height=\"534\" src=\"https:\/\/www.pro-village.com\/wp-content\/uploads\/2020\/07\/IMG_3753-1024x683.jpg\" class=\"attachment-large size-large wp-image-12971\" alt=\"Hund beim Spielen 2\" srcset=\"https:\/\/www.pro-village.com\/wp-content\/uploads\/2020\/07\/IMG_3753-1024x683.jpg 1024w, https:\/\/www.pro-village.com\/wp-content\/uploads\/2020\/07\/IMG_3753-300x200.jpg 300w, https:\/\/www.pro-village.com\/wp-content\/uploads\/2020\/07\/IMG_3753-768x512.jpg 768w, https:\/\/www.pro-village.com\/wp-content\/uploads\/2020\/07\/IMG_3753.jpg 1200w\" sizes=\"(max-width: 800px) 100vw, 800px\" \/>\t\t\t\t\t\t\t\t\t\t\t\t\t\t\t<\/div>\n\t\t\t\t<\/div>\n\t\t\t\t\t<\/div>\n\t\t<\/div>\n\t\t\t\t\t\t\t<\/div>\n\t\t<\/section>\n\t\t\t\t\t\t\t<\/div>","protected":false},"excerpt":{"rendered":"<p>\u201cNegyedik h\u00e9t a Pro-Village-ben\u201d: Tudjatok meg t\u00f6bbet arr\u00f3l, hogy alakul az \u00fajonnan \u00e9rkez\u0151 kutyusok negyedik hete a Pro-Village-ben!<\/p>\n<p> <a class=\"more-link\" href=\"https:\/\/www.pro-village.com\/hu\/die-vierte-woche-eines-hundes-in-pro-village\/\">Read more<\/a><\/p>","protected":false},"author":1,"featured_media":12967,"comment_status":"closed","ping_status":"closed","sticky":false,"template":"","format":"standard","meta":{"footnotes":""},"categories":[31],"tags":[],"yoast_head":"<!-- This site is optimized with the Yoast SEO plugin v23.4 - https:\/\/yoast.com\/wordpress\/plugins\/seo\/ -->\n<title>Die vierte Woche eines Hundes in Pro-Village - Pro Village<\/title>\n<meta name=\"description\" content=\"Neuer Blogartikel \u201eWer steht hinter Pro-Village? Teil 2\u201c: Der zweite Teil des spannenden und aufschlussreichen Interviews mit Galina Kiseleva. Gr\u00fcnderin, Wegbereiterin und Dog Managerin von Pro-Village.\" \/>\n<meta name=\"robots\" content=\"index, follow, max-snippet:-1, max-image-preview:large, max-video-preview:-1\" \/>\n<link rel=\"canonical\" href=\"https:\/\/www.pro-village.com\/hu\/negyedik-het-a-pro-village-ben\/\" \/>\n<meta property=\"og:locale\" content=\"hu_HU\" \/>\n<meta property=\"og:type\" content=\"article\" \/>\n<meta property=\"og:title\" content=\"Die vierte Woche eines Hundes in Pro-Village - Pro Village\" \/>\n<meta property=\"og:description\" content=\"Neuer Blogartikel \u201eWer steht hinter Pro-Village? Teil 2\u201c: Der zweite Teil des spannenden und aufschlussreichen Interviews mit Galina Kiseleva. Gr\u00fcnderin, Wegbereiterin und Dog Managerin von Pro-Village.\" \/>\n<meta property=\"og:url\" content=\"https:\/\/www.pro-village.com\/hu\/negyedik-het-a-pro-village-ben\/\" \/>\n<meta property=\"og:site_name\" content=\"Pro Village\" \/>\n<meta property=\"article:published_time\" content=\"2021-07-10T04:56:54+00:00\" \/>\n<meta property=\"article:modified_time\" content=\"2025-12-19T20:38:49+00:00\" \/>\n<meta property=\"og:image\" content=\"https:\/\/www.pro-village.com\/wp-content\/uploads\/2020\/07\/IMG_8437.jpg\" \/>\n\t<meta property=\"og:image:width\" content=\"1200\" \/>\n\t<meta property=\"og:image:height\" content=\"800\" \/>\n\t<meta property=\"og:image:type\" content=\"image\/jpeg\" \/>\n<meta name=\"author\" content=\"tw\" \/>\n<meta name=\"twitter:card\" content=\"summary_large_image\" \/>\n<meta name=\"twitter:label1\" content=\"Szerz\u0151:\" \/>\n\t<meta name=\"twitter:data1\" content=\"tw\" \/>\n\t<meta name=\"twitter:label2\" content=\"Becs\u00fclt olvas\u00e1si id\u0151\" \/>\n\t<meta name=\"twitter:data2\" content=\"3 perc\" \/>\n<script type=\"application\/ld+json\" class=\"yoast-schema-graph\">{\"@context\":\"https:\/\/schema.org\",\"@graph\":[{\"@type\":\"Article\",\"@id\":\"https:\/\/www.pro-village.com\/die-vierte-woche-eines-hundes-in-pro-village\/#article\",\"isPartOf\":{\"@id\":\"https:\/\/www.pro-village.com\/die-vierte-woche-eines-hundes-in-pro-village\/\"},\"author\":{\"name\":\"tw\",\"@id\":\"https:\/\/www.pro-village.com\/#\/schema\/person\/0579bc66af3bbbefbd19f158fae2ac55\"},\"headline\":\"Die vierte Woche eines Hundes in Pro-Village\",\"datePublished\":\"2021-07-10T04:56:54+00:00\",\"dateModified\":\"2025-12-19T20:38:49+00:00\",\"mainEntityOfPage\":{\"@id\":\"https:\/\/www.pro-village.com\/die-vierte-woche-eines-hundes-in-pro-village\/\"},\"wordCount\":270,\"publisher\":{\"@id\":\"https:\/\/www.pro-village.com\/#organization\"},\"image\":{\"@id\":\"https:\/\/www.pro-village.com\/die-vierte-woche-eines-hundes-in-pro-village\/#primaryimage\"},\"thumbnailUrl\":\"https:\/\/www.pro-village.com\/wp-content\/uploads\/2020\/07\/IMG_8437.jpg\",\"articleSection\":[\"Hunde\"],\"inLanguage\":\"hu\"},{\"@type\":\"WebPage\",\"@id\":\"https:\/\/www.pro-village.com\/die-vierte-woche-eines-hundes-in-pro-village\/\",\"url\":\"https:\/\/www.pro-village.com\/die-vierte-woche-eines-hundes-in-pro-village\/\",\"name\":\"Die vierte Woche eines Hundes in Pro-Village - Pro Village\",\"isPartOf\":{\"@id\":\"https:\/\/www.pro-village.com\/#website\"},\"primaryImageOfPage\":{\"@id\":\"https:\/\/www.pro-village.com\/die-vierte-woche-eines-hundes-in-pro-village\/#primaryimage\"},\"image\":{\"@id\":\"https:\/\/www.pro-village.com\/die-vierte-woche-eines-hundes-in-pro-village\/#primaryimage\"},\"thumbnailUrl\":\"https:\/\/www.pro-village.com\/wp-content\/uploads\/2020\/07\/IMG_8437.jpg\",\"datePublished\":\"2021-07-10T04:56:54+00:00\",\"dateModified\":\"2025-12-19T20:38:49+00:00\",\"description\":\"Neuer Blogartikel \u201eWer steht hinter Pro-Village? Teil 2\u201c: Der zweite Teil des spannenden und aufschlussreichen Interviews mit Galina Kiseleva. Gr\u00fcnderin, Wegbereiterin und Dog Managerin von Pro-Village.\",\"breadcrumb\":{\"@id\":\"https:\/\/www.pro-village.com\/die-vierte-woche-eines-hundes-in-pro-village\/#breadcrumb\"},\"inLanguage\":\"hu\",\"potentialAction\":[{\"@type\":\"ReadAction\",\"target\":[\"https:\/\/www.pro-village.com\/die-vierte-woche-eines-hundes-in-pro-village\/\"]}]},{\"@type\":\"ImageObject\",\"inLanguage\":\"hu\",\"@id\":\"https:\/\/www.pro-village.com\/die-vierte-woche-eines-hundes-in-pro-village\/#primaryimage\",\"url\":\"https:\/\/www.pro-village.com\/wp-content\/uploads\/2020\/07\/IMG_8437.jpg\",\"contentUrl\":\"https:\/\/www.pro-village.com\/wp-content\/uploads\/2020\/07\/IMG_8437.jpg\",\"width\":1200,\"height\":800,\"caption\":\"Freundlicher Hund\"},{\"@type\":\"BreadcrumbList\",\"@id\":\"https:\/\/www.pro-village.com\/die-vierte-woche-eines-hundes-in-pro-village\/#breadcrumb\",\"itemListElement\":[{\"@type\":\"ListItem\",\"position\":1,\"name\":\"Startseite\",\"item\":\"https:\/\/www.pro-village.com\/\"},{\"@type\":\"ListItem\",\"position\":2,\"name\":\"Die vierte Woche eines Hundes in Pro-Village\"}]},{\"@type\":\"WebSite\",\"@id\":\"https:\/\/www.pro-village.com\/#website\",\"url\":\"https:\/\/www.pro-village.com\/\",\"name\":\"Pro Village\",\"description\":\"\",\"publisher\":{\"@id\":\"https:\/\/www.pro-village.com\/#organization\"},\"potentialAction\":[{\"@type\":\"SearchAction\",\"target\":{\"@type\":\"EntryPoint\",\"urlTemplate\":\"https:\/\/www.pro-village.com\/?s={search_term_string}\"},\"query-input\":{\"@type\":\"PropertyValueSpecification\",\"valueRequired\":true,\"valueName\":\"search_term_string\"}}],\"inLanguage\":\"hu\"},{\"@type\":\"Organization\",\"@id\":\"https:\/\/www.pro-village.com\/#organization\",\"name\":\"Pro Village Kft\",\"url\":\"https:\/\/www.pro-village.com\/\",\"logo\":{\"@type\":\"ImageObject\",\"inLanguage\":\"hu\",\"@id\":\"https:\/\/www.pro-village.com\/#\/schema\/logo\/image\/\",\"url\":\"https:\/\/www.pro-village.com\/wp-content\/uploads\/2019\/10\/Logo_ORIGINAL-FM_Avenir-1-e1572428559123.png\",\"contentUrl\":\"https:\/\/www.pro-village.com\/wp-content\/uploads\/2019\/10\/Logo_ORIGINAL-FM_Avenir-1-e1572428559123.png\",\"width\":600,\"height\":203,\"caption\":\"Pro Village Kft\"},\"image\":{\"@id\":\"https:\/\/www.pro-village.com\/#\/schema\/logo\/image\/\"}},{\"@type\":\"Person\",\"@id\":\"https:\/\/www.pro-village.com\/#\/schema\/person\/0579bc66af3bbbefbd19f158fae2ac55\",\"name\":\"tw\",\"image\":{\"@type\":\"ImageObject\",\"inLanguage\":\"hu\",\"@id\":\"https:\/\/www.pro-village.com\/#\/schema\/person\/image\/\",\"url\":\"https:\/\/secure.gravatar.com\/avatar\/b74022dac6e893c6306d1e9bdf9989c9?s=96&d=mm&r=g\",\"contentUrl\":\"https:\/\/secure.gravatar.com\/avatar\/b74022dac6e893c6306d1e9bdf9989c9?s=96&d=mm&r=g\",\"caption\":\"tw\"},\"url\":\"https:\/\/www.pro-village.com\/hu\/author\/admin\/\"}]}<\/script>\n<!-- \/ Yoast SEO plugin. -->","yoast_head_json":{"title":"Die vierte Woche eines Hundes in Pro-Village - Pro Village","description":"Neuer Blogartikel \u201eWer steht hinter Pro-Village? Teil 2\u201c: Der zweite Teil des spannenden und aufschlussreichen Interviews mit Galina Kiseleva. Gr\u00fcnderin, Wegbereiterin und Dog Managerin von Pro-Village.","robots":{"index":"index","follow":"follow","max-snippet":"max-snippet:-1","max-image-preview":"max-image-preview:large","max-video-preview":"max-video-preview:-1"},"canonical":"https:\/\/www.pro-village.com\/hu\/negyedik-het-a-pro-village-ben\/","og_locale":"hu_HU","og_type":"article","og_title":"Die vierte Woche eines Hundes in Pro-Village - Pro Village","og_description":"Neuer Blogartikel \u201eWer steht hinter Pro-Village? Teil 2\u201c: Der zweite Teil des spannenden und aufschlussreichen Interviews mit Galina Kiseleva. Gr\u00fcnderin, Wegbereiterin und Dog Managerin von Pro-Village.","og_url":"https:\/\/www.pro-village.com\/hu\/negyedik-het-a-pro-village-ben\/","og_site_name":"Pro Village","article_published_time":"2021-07-10T04:56:54+00:00","article_modified_time":"2025-12-19T20:38:49+00:00","og_image":[{"width":1200,"height":800,"url":"https:\/\/www.pro-village.com\/wp-content\/uploads\/2020\/07\/IMG_8437.jpg","type":"image\/jpeg"}],"author":"tw","twitter_card":"summary_large_image","twitter_misc":{"Szerz\u0151:":"tw","Becs\u00fclt olvas\u00e1si id\u0151":"3 perc"},"schema":{"@context":"https:\/\/schema.org","@graph":[{"@type":"Article","@id":"https:\/\/www.pro-village.com\/die-vierte-woche-eines-hundes-in-pro-village\/#article","isPartOf":{"@id":"https:\/\/www.pro-village.com\/die-vierte-woche-eines-hundes-in-pro-village\/"},"author":{"name":"tw","@id":"https:\/\/www.pro-village.com\/#\/schema\/person\/0579bc66af3bbbefbd19f158fae2ac55"},"headline":"Die vierte Woche eines Hundes in Pro-Village","datePublished":"2021-07-10T04:56:54+00:00","dateModified":"2025-12-19T20:38:49+00:00","mainEntityOfPage":{"@id":"https:\/\/www.pro-village.com\/die-vierte-woche-eines-hundes-in-pro-village\/"},"wordCount":270,"publisher":{"@id":"https:\/\/www.pro-village.com\/#organization"},"image":{"@id":"https:\/\/www.pro-village.com\/die-vierte-woche-eines-hundes-in-pro-village\/#primaryimage"},"thumbnailUrl":"https:\/\/www.pro-village.com\/wp-content\/uploads\/2020\/07\/IMG_8437.jpg","articleSection":["Hunde"],"inLanguage":"hu"},{"@type":"WebPage","@id":"https:\/\/www.pro-village.com\/die-vierte-woche-eines-hundes-in-pro-village\/","url":"https:\/\/www.pro-village.com\/die-vierte-woche-eines-hundes-in-pro-village\/","name":"Die vierte Woche eines Hundes in Pro-Village - Pro Village","isPartOf":{"@id":"https:\/\/www.pro-village.com\/#website"},"primaryImageOfPage":{"@id":"https:\/\/www.pro-village.com\/die-vierte-woche-eines-hundes-in-pro-village\/#primaryimage"},"image":{"@id":"https:\/\/www.pro-village.com\/die-vierte-woche-eines-hundes-in-pro-village\/#primaryimage"},"thumbnailUrl":"https:\/\/www.pro-village.com\/wp-content\/uploads\/2020\/07\/IMG_8437.jpg","datePublished":"2021-07-10T04:56:54+00:00","dateModified":"2025-12-19T20:38:49+00:00","description":"Neuer Blogartikel \u201eWer steht hinter Pro-Village? Teil 2\u201c: Der zweite Teil des spannenden und aufschlussreichen Interviews mit Galina Kiseleva. Gr\u00fcnderin, Wegbereiterin und Dog Managerin von Pro-Village.","breadcrumb":{"@id":"https:\/\/www.pro-village.com\/die-vierte-woche-eines-hundes-in-pro-village\/#breadcrumb"},"inLanguage":"hu","potentialAction":[{"@type":"ReadAction","target":["https:\/\/www.pro-village.com\/die-vierte-woche-eines-hundes-in-pro-village\/"]}]},{"@type":"ImageObject","inLanguage":"hu","@id":"https:\/\/www.pro-village.com\/die-vierte-woche-eines-hundes-in-pro-village\/#primaryimage","url":"https:\/\/www.pro-village.com\/wp-content\/uploads\/2020\/07\/IMG_8437.jpg","contentUrl":"https:\/\/www.pro-village.com\/wp-content\/uploads\/2020\/07\/IMG_8437.jpg","width":1200,"height":800,"caption":"Freundlicher Hund"},{"@type":"BreadcrumbList","@id":"https:\/\/www.pro-village.com\/die-vierte-woche-eines-hundes-in-pro-village\/#breadcrumb","itemListElement":[{"@type":"ListItem","position":1,"name":"Startseite","item":"https:\/\/www.pro-village.com\/"},{"@type":"ListItem","position":2,"name":"Die vierte Woche eines Hundes in Pro-Village"}]},{"@type":"WebSite","@id":"https:\/\/www.pro-village.com\/#website","url":"https:\/\/www.pro-village.com\/","name":"Pro Village","description":"","publisher":{"@id":"https:\/\/www.pro-village.com\/#organization"},"potentialAction":[{"@type":"SearchAction","target":{"@type":"EntryPoint","urlTemplate":"https:\/\/www.pro-village.com\/?s={search_term_string}"},"query-input":{"@type":"PropertyValueSpecification","valueRequired":true,"valueName":"search_term_string"}}],"inLanguage":"hu"},{"@type":"Organization","@id":"https:\/\/www.pro-village.com\/#organization","name":"Pro Village Kft","url":"https:\/\/www.pro-village.com\/","logo":{"@type":"ImageObject","inLanguage":"hu","@id":"https:\/\/www.pro-village.com\/#\/schema\/logo\/image\/","url":"https:\/\/www.pro-village.com\/wp-content\/uploads\/2019\/10\/Logo_ORIGINAL-FM_Avenir-1-e1572428559123.png","contentUrl":"https:\/\/www.pro-village.com\/wp-content\/uploads\/2019\/10\/Logo_ORIGINAL-FM_Avenir-1-e1572428559123.png","width":600,"height":203,"caption":"Pro Village Kft"},"image":{"@id":"https:\/\/www.pro-village.com\/#\/schema\/logo\/image\/"}},{"@type":"Person","@id":"https:\/\/www.pro-village.com\/#\/schema\/person\/0579bc66af3bbbefbd19f158fae2ac55","name":"tw","image":{"@type":"ImageObject","inLanguage":"hu","@id":"https:\/\/www.pro-village.com\/#\/schema\/person\/image\/","url":"https:\/\/secure.gravatar.com\/avatar\/b74022dac6e893c6306d1e9bdf9989c9?s=96&d=mm&r=g","contentUrl":"https:\/\/secure.gravatar.com\/avatar\/b74022dac6e893c6306d1e9bdf9989c9?s=96&d=mm&r=g","caption":"tw"},"url":"https:\/\/www.pro-village.com\/hu\/author\/admin\/"}]}},"_links":{"self":[{"href":"https:\/\/www.pro-village.com\/hu\/wp-json\/wp\/v2\/posts\/15738"}],"collection":[{"href":"https:\/\/www.pro-village.com\/hu\/wp-json\/wp\/v2\/posts"}],"about":[{"href":"https:\/\/www.pro-village.com\/hu\/wp-json\/wp\/v2\/types\/post"}],"author":[{"embeddable":true,"href":"https:\/\/www.pro-village.com\/hu\/wp-json\/wp\/v2\/users\/1"}],"replies":[{"embeddable":true,"href":"https:\/\/www.pro-village.com\/hu\/wp-json\/wp\/v2\/comments?post=15738"}],"version-history":[{"count":11,"href":"https:\/\/www.pro-village.com\/hu\/wp-json\/wp\/v2\/posts\/15738\/revisions"}],"predecessor-version":[{"id":17178,"href":"https:\/\/www.pro-village.com\/hu\/wp-json\/wp\/v2\/posts\/15738\/revisions\/17178"}],"wp:featuredmedia":[{"embeddable":true,"href":"https:\/\/www.pro-village.com\/hu\/wp-json\/wp\/v2\/media\/12967"}],"wp:attachment":[{"href":"https:\/\/www.pro-village.com\/hu\/wp-json\/wp\/v2\/media?parent=15738"}],"wp:term":[{"taxonomy":"category","embeddable":true,"href":"https:\/\/www.pro-village.com\/hu\/wp-json\/wp\/v2\/categories?post=15738"},{"taxonomy":"post_tag","embeddable":true,"href":"https:\/\/www.pro-village.com\/hu\/wp-json\/wp\/v2\/tags?post=15738"}],"curies":[{"name":"wp","href":"https:\/\/api.w.org\/{rel}","templated":true}]}}